{"id":998,"date":"2024-08-12T13:42:09","date_gmt":"2024-08-12T11:42:09","guid":{"rendered":"https:\/\/compacc.tax\/?p=998"},"modified":"2024-08-12T13:42:12","modified_gmt":"2024-08-12T11:42:12","slug":"najwazniejsze-o-podatku-vat-w-polsce","status":"publish","type":"post","link":"https:\/\/compacc.tax\/pl\/blog\/najwazniejsze-o-podatku-vat-w-polsce\/","title":{"rendered":"TRE\u015aCIWIE O PODATKU VAT"},"content":{"rendered":"\n<p>Podatek od towar\u00f3w i us\u0142ug, znany szerzej jako podatek VAT, dotyczy niemal ka\u017cdego obywatela, nie tylko przedsi\u0119biorc\u00f3w kupuj\u0105cych towary i us\u0142ugi. VAT <strong>jest nieod\u0142\u0105cznym elementem<\/strong> codziennych zakup\u00f3w, wp\u0142ywaj\u0105c na ceny wi\u0119kszo\u015bci produkt\u00f3w i us\u0142ug. Cho\u0107 ka\u017cdy z nas p\u0142aci ten podatek, jego znaczenie jest szczeg\u00f3lnie istotne dla przedsi\u0119biorc\u00f3w prowadz\u0105cych dzia\u0142alno\u015b\u0107 gospodarcz\u0105. Dla kt\u00f3rych stanowi on jeden z kluczowych element\u00f3w systemu podatkowego.<\/p>\n\n\n\n<p>Pisali\u015bmy troch\u0119 o tym wcze\u015bniej, ale w sytuacji sp\u00f3\u0142ki z o. o., wi\u0119c zach\u0119camy zajrze\u0107 r\u00f3wnie\u017c do <a href=\"https:\/\/compacc.tax\/pl\/blog\/podatki-w-sp-z-o-o-w-polsce\/\" target=\"_blank\" rel=\"noreferrer noopener\">tego wpisu.<\/a><\/p>\n\n\n\n<p>W tym wpisie chcemy przybli\u017cy\u0107 podstawowe aspekty zwi\u0105zane z VAT. Om\u00f3wimy, jak funkcjonuje ten podatek, jakie s\u0105 jego stawki oraz jakie obowi\u0105zki spoczywaj\u0105 na przedsi\u0119biorcach w zwi\u0105zku z jego rozliczaniem. Zach\u0119camy do lektury, kt\u00f3ra pomo\u017ce rozwia\u0107 wszelkie w\u0105tpliwo\u015bci i lepiej zrozumie\u0107 temat.<\/p>\n\n\n\n<h4 class=\"wp-block-heading\"><strong>Czym jest podatek VAT?<\/strong><\/h4>\n\n\n\n<p>Jest on op\u0142at\u0105, kt\u00f3ra obci\u0105\u017ca zar\u00f3wno sprzedawc\u00f3w, jak i kupuj\u0105cych, poniewa\u017c jego warto\u015b\u0107 jest dodawana do ceny netto transakcji.<\/p>\n\n\n\n<p>Istniej\u0105 <strong>dwa g\u0142\u00f3wne<\/strong> rodzaje podatku VAT: <strong>nale\u017cny<\/strong> i <strong>naliczony<\/strong>.<br><br><strong>Podatek VAT nale\u017cny <\/strong>to kwota zobowi\u0105zania, kt\u00f3ra powstaje w momencie wystawienia faktury sprzeda\u017cy i musi by\u0107 wp\u0142acona do urz\u0119du skarbowego. To podatek, kt\u00f3ry przedsi\u0119biorca pobiera wraz z cen\u0105 netto za sprzeda\u017c swoich towar\u00f3w i us\u0142ug.<br><br>Natomiast <strong>podatek VAT naliczony<\/strong> to suma, o jak\u0105 nabywca mo\u017ce obni\u017cy\u0107 sw\u00f3j podatek VAT nale\u017cny w deklaracji podatkowej. Jest podatkiem, kt\u00f3ry przedsi\u0119biorca p\u0142aci wraz z cen\u0105 netto za towary i us\u0142ugi, kt\u00f3re nabywa.<\/p>\n\n\n\n<h4 class=\"wp-block-heading\"><strong>Ile wynosz\u0105 stawki podatku VAT?<\/strong><\/h4>\n\n\n\n<p><strong>Podstawowa<\/strong> stawka VAT w Polsce wynosi <strong>23%<\/strong>, ale istniej\u0105 tak\u017ce <strong>obni\u017cone<\/strong> stawki VAT: 8%, 5% oraz 0%. Stawka ZW (zwolniona) nie jest bezpo\u015brednio wymieniona w ustawie, ale stosuje si\u0119 j\u0105 do niekt\u00f3rych towar\u00f3w i us\u0142ug <strong>obj\u0119tych zwolnieniem<\/strong>.<\/p>\n\n\n\n<ul class=\"wp-block-list\">\n<li><strong>Obni\u017cona stawka 8%<\/strong> obejmuje mi\u0119dzy innymi produkty spo\u017cywcze, us\u0142ugi remontowe i budowlane oraz niekt\u00f3re us\u0142ugi \u015bwiadczone przez plac\u00f3wki gastronomiczne.<\/li>\n\n\n\n<li><strong>Stawka 5%<\/strong> stosuje si\u0119 do niekt\u00f3rych przetworzonych produkt\u00f3w spo\u017cywczych, towar\u00f3w zwi\u0105zanych z produkcj\u0105 rolnicz\u0105, opiek\u0105 zdrowotn\u0105 oraz us\u0142ug zwi\u0105zanych z kultur\u0105, sportem i rekreacj\u0105.<\/li>\n\n\n\n<li><strong>Stawka 0%<\/strong> dotyczy mi\u0119dzy innymi dostaw towar\u00f3w do wolnych obszar\u00f3w celnych lub sk\u0142ad\u00f3w celnych, us\u0142ug transportu mi\u0119dzynarodowego oraz us\u0142ug naprawy, uszlachetniania, przerobu lub przetwarzania towar\u00f3w.<\/li>\n<\/ul>\n\n\n\n<p><strong>Dodatkowo<\/strong>, ustawa o VAT przewiduje <strong>stawk\u0119 rycza\u0142tu 4%<\/strong> dla kierowc\u00f3w taks\u00f3wek <strong>oraz 7%<\/strong> dla rolnik\u00f3w rycza\u0142towych.<\/p>\n\n\n\n<h4 class=\"wp-block-heading\"><strong>Jak wygl\u0105daj\u0105 rozliczenia?<\/strong><\/h4>\n\n\n\n<p><strong>Mechanizm rozliczania<\/strong> VAT polega na <strong>bilansowaniu<\/strong> VAT naliczonego z VAT nale\u017cnym. Podatek, kt\u00f3ry musimy wp\u0142aci\u0107 do urz\u0119du skarbowego, <strong>wynika z r\u00f3\u017cnicy<\/strong> mi\u0119dzy kwot\u0105 VAT-u nale\u017cnego (podatku doliczonego do ceny sprzedanego towaru), a kwot\u0105 VAT-u naliczonego (podatku zap\u0142aconego przy zakupie towar\u00f3w i us\u0142ug niezb\u0119dnych do prowadzenia dzia\u0142alno\u015bci). Przedsi\u0119biorca wp\u0142aca t\u0119 r\u00f3\u017cnic\u0119 do urz\u0119du skarbowego. Mo\u017ce si\u0119 jednak zdarzy\u0107, \u017ce VAT naliczony <strong>przewy\u017csza<\/strong> VAT nale\u017cny. W takim przypadku wyst\u0119puje <strong>nadwy\u017cka<\/strong>, kt\u00f3r\u0105 mo\u017cna przenie\u015b\u0107 na nast\u0119pne okresy albo <strong>z\u0142o\u017cy\u0107 wniosek o jej zwrot.<\/strong><\/p>\n\n\n\n<h4 class=\"wp-block-heading\"><strong>Kiedy wyst\u0119puje obowi\u0105zek podatkowy w przypadku VAT?<\/strong><\/h4>\n\n\n\n<p>Podczas rozliczania VAT, istotne jest zrozumienie, kiedy wyst\u0119puje <strong>obowi\u0105zek podatkowy<\/strong>. Przekazanie towaru nabywcy lub zako\u0144czenie \u015bwiadczenia us\u0142ug natychmiast tworzy obowi\u0105zek podatkowy. Oznacza to konieczno\u015b\u0107 rozliczenia VAT, <strong>bez wzgl\u0119du na moment wystawienia faktury<\/strong>. Jeszcze wcze\u015bniejszy obowi\u0105zek podatkowy wyst\u0119puje gdy <strong>otrzymamy zap\u0142at\u0119<\/strong> za towar lub us\u0142ug\u0119 przed ich dostarczeniem czy \u015bwiadczeniem. W takim wypadku obowi\u0105zek podatkowy wyst\u0119puje z chwil\u0105 otrzymania zap\u0142aty.<\/p>\n\n\n\n<p>Je\u017celi faktura jest wystawiana w nast\u0119pnym miesi\u0105cu po wydaniu towaru czy zako\u0144czeniu \u015bwiadczenia us\u0142ugi, <strong>data sprzeda\u017cy<\/strong> na tej fakturze musi by\u0107 z miesi\u0105ca wydania towaru czy zako\u0144czenia us\u0142ugi. Je\u017celi jeszcze wcze\u015bniej otrzymali\u015bmy zap\u0142at\u0119, to dana sprzeda\u017c w\u0142a\u015bnie z dniem otrzymania zap\u0142aty musi zosta\u0107 wykazana w deklaracji VAT.<\/p>\n\n\n\n<p>Inaczej jest w przypadku WNT (wewn\u0105trzwsp\u00f3lnotowe nabycie towar\u00f3w) i WDT (wewn\u0105trzwsp\u00f3lnotowa dostawa towar\u00f3w) gdzie obowi\u0105zek podatkowy powstaje <strong>z chwil\u0105 wystawienia faktury<\/strong>, nie p\u00f3\u017aniej jednak ni\u017c <strong>15. dnia miesi\u0105ca<\/strong> nast\u0119puj\u0105cego po miesi\u0105cu, w kt\u00f3rym dokonano dostawy.<\/p>\n\n\n\n<h4 class=\"wp-block-heading\"><strong>Jakie s\u0105 terminy?<\/strong><\/h4>\n\n\n\n<p>Wynik podatkowy za dany okres rozliczeniowy, czyli r\u00f3\u017cnica mi\u0119dzy podatkiem VAT nale\u017cnym, a podatkiem VAT naliczonym, musi by\u0107 uwzgl\u0119dniony w <strong>deklaracji VAT<\/strong>:<\/p>\n\n\n\n<ul class=\"wp-block-list\">\n<li>W przypadku <strong>miesi\u0119cznego<\/strong> rozliczania podatku VAT, termin wp\u0142aty oraz z\u0142o\u017cenia deklaracji JPK_V7M <strong>up\u0142ywa<\/strong> <strong>25. dnia miesi\u0105ca nast\u0119puj\u0105cego<\/strong> <strong>po miesi\u0105cu, <\/strong>za kt\u00f3ry sk\u0142adana jest deklaracja.<br><br><\/li>\n\n\n\n<li>Przy rozliczeniu <strong>kwartalnym<\/strong>, termin z\u0142o\u017cenia deklaracji JPK_V7K <strong>up\u0142ywa<\/strong> <strong>25. dnia miesi\u0105ca nast\u0119puj\u0105cego<\/strong> <strong>po zako\u0144czeniu kwarta\u0142u<\/strong>.<\/li>\n<\/ul>\n\n\n\n<p>Je\u017celi termin z\u0142o\u017cenia deklaracji VAT przypada na sobot\u0119, niedziel\u0119 lub \u015bwi\u0119to, zostaje on <strong>przesuni\u0119ty na najbli\u017cszy dzie\u0144 roboczy<\/strong>.<br><br>Ka\u017cdy dzie\u0144 op\u00f3\u017anienia w p\u0142atno\u015bci podatku VAT <strong>skutkuje naliczeniem odsetek<\/strong>, kt\u00f3re obecnie wynosz\u0105 <strong>14,50%<\/strong> w skali roku.<\/p>\n\n\n\n<h4 class=\"wp-block-heading\"><strong>Gdzie i jak wp\u0142aci\u0107?<\/strong><\/h4>\n\n\n\n<p>Podatek VAT wyliczony w z\u0142o\u017conej deklaracji nale\u017cy wp\u0142aci\u0107 do <strong>odpowiedniego<\/strong> <strong>urz\u0119du skarbowego<\/strong>. Dla os\u00f3b prawnych jest to urz\u0105d w\u0142a\u015bciwy wed\u0142ug miejsca siedziby firmy. Dla os\u00f3b fizycznych odpowiednim urz\u0119dem skarbowym w zakresie podatku VAT jest urz\u0105d w\u0142a\u015bciwy wed\u0142ug miejsca zamieszkania podatnika.<\/p>\n\n\n\n<p>Zobowi\u0105zanie podatkowe, a w tym g\u0142\u00f3wnie podatek VAT nale\u017cny oraz ewentualne odsetki karne za zw\u0142ok\u0119, nale\u017cy wp\u0142aci\u0107 przelewem na <strong>indywidualny mikrorachunek przedsi\u0119biorcy<\/strong>. Dzie\u0144 zap\u0142aty uwa\u017ca si\u0119 dzie\u0144 obci\u0105\u017cenia rachunku bankowego podatnika.<\/p>\n\n\n\n<h4 class=\"wp-block-heading\"><strong>Kto w og\u00f3le p\u0142aci, a kto nie?<\/strong><\/h4>\n\n\n\n<p>Czy ka\u017cda firma musi by\u0107 zarejestrowana w VAT, czyli by\u0107 tzw. p\u0142atnikiem VAT? Ot\u00f3\u017c nie, istnieje mo\u017cliwo\u015b\u0107 <strong>bycia zwolnionym <\/strong>z podatku VAT. <strong>Jak to wygl\u0105da?<\/strong><\/p>\n\n\n\n<p>Co do zasady, zaraz po za\u0142o\u017ceniu firmy <strong>nie jest ona z automatu zarejestrowana<\/strong> w VAT. Rejestracji trzeba dokona\u0107 odr\u0119bnie, ale nie zawsze trzeba to robi\u0107 od razu. Mo\u017cna skorzysta\u0107 z zwolnienia, kt\u00f3re dzieli si\u0119 na dwa rodzaje<\/p>\n\n\n\n<p>Przedstawmy je:<\/p>\n\n\n\n<ul class=\"wp-block-list\">\n<li><strong>Zwolnienie z VAT<\/strong> <strong>podmiotowe<\/strong>:<\/li>\n<\/ul>\n\n\n\n<p><strong>Warunek:<\/strong> Przychody nie przekroczy\u0142y bie\u017c\u0105cym roku 200 tys. z\u0142. Limit ten ustala si\u0119 proporcjonalnie w przypadku rozpocz\u0119cia dzia\u0142alno\u015bci w trakcie roku.<\/p>\n\n\n\n<p><strong>Wyj\u0105tki<\/strong>: Do limitu nie wlicza si\u0119 m.in. wewn\u0105trzwsp\u00f3lnotowej dostawy towar\u00f3w, sprzeda\u017cy towar\u00f3w zwolnionych przedmiotowo z VAT, \u015brodk\u00f3w trwa\u0142ych. Niekt\u00f3re towary\/us\u0142ugi s\u0105 wy\u0142\u0105czone z tego zwolnienia i w ich przypadku niezb\u0119dna jest rejestracja w VAT ju\u017c od pierwszej sprzeda\u017cy. List\u0119 tych towar\u00f3w i us\u0142ug znajdziesz <a href=\"https:\/\/www.biznes.gov.pl\/pl\/portal\/00246#4\" target=\"_blank\" rel=\"noreferrer noopener\">tutaj<\/a>. Tak\u017ce <strong>firmy z siedzib\u0105 poza Polsk\u0105<\/strong> musz\u0105 zarejestrowa\u0107 si\u0119 do VAT od razu.<\/p>\n\n\n\n<ul class=\"wp-block-list\">\n<li><strong>Zwolnienie z VAT<\/strong> <strong>przedmiotowe<\/strong>:<\/li>\n<\/ul>\n\n\n\n<p><strong>Warunek:<\/strong> \u015awiadczenie okre\u015blonych us\u0142ug\/towar\u00f3w zwolnionych z VAT niezale\u017cnie od obrot\u00f3w (np. us\u0142ugi medyczne, nauczanie j\u0119zyk\u00f3w obcych, us\u0142ugi finansowe).<\/p>\n\n\n\n<h4 class=\"wp-block-heading\"><strong>Co jak przekroczysz limit zwolnienia?<\/strong><\/h4>\n\n\n\n<p>Po przekroczeniu limitu 200 tys. z\u0142 ka\u017cda kolejna sprzeda\u017c podlega opodatkowaniu VAT. W takim przypadku nale\u017cy zarejestrowa\u0107 si\u0119 jako podatnik VAT sk\u0142adaj\u0105c formularz VAT-R.<\/p>\n\n\n\n<h4 class=\"wp-block-heading\"><strong>Podsumujmy ten podatkowy zawr\u00f3t g\u0142owy<\/strong><\/h4>\n\n\n\n<p>Podatek VAT jest <strong>istotnym<\/strong> elementem systemu podatkowego w Polsce, obejmuje r\u00f3\u017cne stawki i ma swoje specyficzne zasady rozliczania. Niekiedy, aby rozliczy\u0107 VAT, musimy wykonywa\u0107 do\u015b\u0107 <strong>skomplikowane dzia\u0142ania ksi\u0119gowe<\/strong>, kiedy indziej wszystko przychodzi \u0142atwo.&nbsp;Podatek VAT&nbsp;<strong>jest konieczno\u015bci\u0105 <\/strong>wi\u0119kszo\u015bci firm, wi\u0119c bardzo mo\u017cliwe, \u017ce te\u017c i Twojej firmy. Warto zatem wiedzie\u0107 jak dzia\u0142a ten podatek, w jakim otoczeniu prawny funkcjonuje, czym jest w istocie.<\/p>\n\n\n\n<p>Tutaj na pewno mo\u017cemy Ci pom\u00f3c. Jako <strong>biuro ksi\u0119gowe<\/strong>, jeste\u015bmy <strong>w pe\u0142nej gotowo\u015bci<\/strong>, by zmierzy\u0107 si\u0119 z rzuconym nam wyzwaniem, szczeg\u00f3lnie z kategorii podatkowej. Lata do\u015bwiadczenia pozwalaj\u0105 nam p\u0142ynnie operowa\u0107 w tym temacie w Polsce. Pomagamy ka\u017cdemu, wi\u0119c je\u015bli jeste\u015b tu obcokrajowcem, kt\u00f3ry szuka pomocy ksi\u0119gowej \u2013 <strong>jeste\u015bmy dla Ciebie!<\/strong> <\/p>\n\n\n\n<p>Wi\u0119cej o podatku VAT przeczytasz <strong><a href=\"https:\/\/www.biznes.gov.pl\/pl\/portal\/00246\" target=\"_blank\" rel=\"noreferrer noopener\">tutaj.<\/a><\/strong><\/p>\n\n\n\n<p><\/p>\n","protected":false},"excerpt":{"rendered":"<p>Poznaj najwa\u017cniejsze informacje o temacie, kt\u00f3ry depcze po pi\u0119tach ka\u017cdego z nas. Podatek VAT w Polsce i co warto o nim wiedzie\u0107.<\/p>\n","protected":false},"author":3,"featured_media":1000,"comment_status":"open","ping_status":"open","sticky":false,"template":"","format":"standard","meta":{"footnotes":""},"categories":[24],"tags":[28,26,34,100],"class_list":["post-998","post","type-post","status-publish","format-standard","has-post-thumbnail","hentry","category-podatki","tag-bizneswpolsce","tag-firma","tag-podatki","tag-vat-pl"],"yoast_head":"<!-- This site is optimized with the Yoast SEO plugin v27.4 - https:\/\/yoast.com\/product\/yoast-seo-wordpress\/ -->\n<title>Porozmawiajmy o podatku VAT w Polsce - co musisz wiedzie\u0107?<\/title>\n<meta name=\"description\" content=\"Poznaj najwa\u017cniejsze informacje o temacie, kt\u00f3ry depcze po pi\u0119tach ka\u017cdego z nas. Podatek VAT w Polsce i co warto o nim wiedzie\u0107.\" \/>\n<meta name=\"robots\" content=\"index, follow, max-snippet:-1, max-image-preview:large, max-video-preview:-1\" \/>\n<link rel=\"canonical\" href=\"https:\/\/compacc.tax\/pl\/blog\/najwazniejsze-o-podatku-vat-w-polsce\/\" \/>\n<meta property=\"og:locale\" content=\"pl_PL\" \/>\n<meta property=\"og:type\" content=\"article\" \/>\n<meta property=\"og:title\" content=\"Porozmawiajmy o podatku VAT w Polsce - co musisz wiedzie\u0107?\" \/>\n<meta property=\"og:description\" content=\"Poznaj najwa\u017cniejsze informacje o temacie, kt\u00f3ry depcze po pi\u0119tach ka\u017cdego z nas. Podatek VAT w Polsce i co warto o nim wiedzie\u0107.\" \/>\n<meta property=\"og:url\" content=\"https:\/\/compacc.tax\/pl\/blog\/najwazniejsze-o-podatku-vat-w-polsce\/\" \/>\n<meta property=\"og:site_name\" content=\"Compacc: Complete Accountant\" \/>\n<meta property=\"article:published_time\" content=\"2024-08-12T11:42:09+00:00\" \/>\n<meta property=\"article:modified_time\" content=\"2024-08-12T11:42:12+00:00\" \/>\n<meta property=\"og:image\" content=\"https:\/\/compacc.tax\/wp-content\/uploads\/2024\/08\/O-PODATKU-VAT-W-POLSCE.png\" \/>\n\t<meta property=\"og:image:width\" content=\"2240\" \/>\n\t<meta property=\"og:image:height\" content=\"1260\" \/>\n\t<meta property=\"og:image:type\" content=\"image\/png\" \/>\n<meta name=\"author\" content=\"Rafal Szpin\" \/>\n<meta name=\"twitter:card\" content=\"summary_large_image\" \/>\n<meta name=\"twitter:label1\" content=\"Napisane przez\" \/>\n\t<meta name=\"twitter:data1\" content=\"Rafal Szpin\" \/>\n\t<meta name=\"twitter:label2\" content=\"Szacowany czas czytania\" \/>\n\t<meta name=\"twitter:data2\" content=\"7 minut\" \/>\n<script type=\"application\/ld+json\" class=\"yoast-schema-graph\">{\"@context\":\"https:\\\/\\\/schema.org\",\"@graph\":[{\"@type\":\"Article\",\"@id\":\"https:\\\/\\\/compacc.tax\\\/pl\\\/blog\\\/najwazniejsze-o-podatku-vat-w-polsce\\\/#article\",\"isPartOf\":{\"@id\":\"https:\\\/\\\/compacc.tax\\\/pl\\\/blog\\\/najwazniejsze-o-podatku-vat-w-polsce\\\/\"},\"author\":{\"name\":\"Rafal Szpin\",\"@id\":\"https:\\\/\\\/compacc.tax\\\/pl\\\/#\\\/schema\\\/person\\\/26111696fced602b9032ff4eb4e9c0b2\"},\"headline\":\"TRE\u015aCIWIE O PODATKU VAT\",\"datePublished\":\"2024-08-12T11:42:09+00:00\",\"dateModified\":\"2024-08-12T11:42:12+00:00\",\"mainEntityOfPage\":{\"@id\":\"https:\\\/\\\/compacc.tax\\\/pl\\\/blog\\\/najwazniejsze-o-podatku-vat-w-polsce\\\/\"},\"wordCount\":1389,\"commentCount\":0,\"publisher\":{\"@id\":\"https:\\\/\\\/compacc.tax\\\/pl\\\/#organization\"},\"image\":{\"@id\":\"https:\\\/\\\/compacc.tax\\\/pl\\\/blog\\\/najwazniejsze-o-podatku-vat-w-polsce\\\/#primaryimage\"},\"thumbnailUrl\":\"https:\\\/\\\/compacc.tax\\\/wp-content\\\/uploads\\\/2024\\\/08\\\/O-PODATKU-VAT-W-POLSCE.png\",\"keywords\":[\"bizneswPolsce\",\"firma\",\"podatki\",\"VAT\"],\"articleSection\":[\"Podatki\"],\"inLanguage\":\"pl-PL\"},{\"@type\":\"WebPage\",\"@id\":\"https:\\\/\\\/compacc.tax\\\/pl\\\/blog\\\/najwazniejsze-o-podatku-vat-w-polsce\\\/\",\"url\":\"https:\\\/\\\/compacc.tax\\\/pl\\\/blog\\\/najwazniejsze-o-podatku-vat-w-polsce\\\/\",\"name\":\"Porozmawiajmy o podatku VAT w Polsce - co musisz wiedzie\u0107?\",\"isPartOf\":{\"@id\":\"https:\\\/\\\/compacc.tax\\\/pl\\\/#website\"},\"primaryImageOfPage\":{\"@id\":\"https:\\\/\\\/compacc.tax\\\/pl\\\/blog\\\/najwazniejsze-o-podatku-vat-w-polsce\\\/#primaryimage\"},\"image\":{\"@id\":\"https:\\\/\\\/compacc.tax\\\/pl\\\/blog\\\/najwazniejsze-o-podatku-vat-w-polsce\\\/#primaryimage\"},\"thumbnailUrl\":\"https:\\\/\\\/compacc.tax\\\/wp-content\\\/uploads\\\/2024\\\/08\\\/O-PODATKU-VAT-W-POLSCE.png\",\"datePublished\":\"2024-08-12T11:42:09+00:00\",\"dateModified\":\"2024-08-12T11:42:12+00:00\",\"description\":\"Poznaj najwa\u017cniejsze informacje o temacie, kt\u00f3ry depcze po pi\u0119tach ka\u017cdego z nas. Podatek VAT w Polsce i co warto o nim wiedzie\u0107.\",\"breadcrumb\":{\"@id\":\"https:\\\/\\\/compacc.tax\\\/pl\\\/blog\\\/najwazniejsze-o-podatku-vat-w-polsce\\\/#breadcrumb\"},\"inLanguage\":\"pl-PL\",\"potentialAction\":[{\"@type\":\"ReadAction\",\"target\":[\"https:\\\/\\\/compacc.tax\\\/pl\\\/blog\\\/najwazniejsze-o-podatku-vat-w-polsce\\\/\"]}]},{\"@type\":\"ImageObject\",\"inLanguage\":\"pl-PL\",\"@id\":\"https:\\\/\\\/compacc.tax\\\/pl\\\/blog\\\/najwazniejsze-o-podatku-vat-w-polsce\\\/#primaryimage\",\"url\":\"https:\\\/\\\/compacc.tax\\\/wp-content\\\/uploads\\\/2024\\\/08\\\/O-PODATKU-VAT-W-POLSCE.png\",\"contentUrl\":\"https:\\\/\\\/compacc.tax\\\/wp-content\\\/uploads\\\/2024\\\/08\\\/O-PODATKU-VAT-W-POLSCE.png\",\"width\":2240,\"height\":1260,\"caption\":\"O PODATKU VAT W POLSCE\"},{\"@type\":\"BreadcrumbList\",\"@id\":\"https:\\\/\\\/compacc.tax\\\/pl\\\/blog\\\/najwazniejsze-o-podatku-vat-w-polsce\\\/#breadcrumb\",\"itemListElement\":[{\"@type\":\"ListItem\",\"position\":1,\"name\":\"Strona g\u0142\u00f3wna\",\"item\":\"https:\\\/\\\/compacc.tax\\\/pl\\\/\"},{\"@type\":\"ListItem\",\"position\":2,\"name\":\"TRE\u015aCIWIE O PODATKU VAT\"}]},{\"@type\":\"WebSite\",\"@id\":\"https:\\\/\\\/compacc.tax\\\/pl\\\/#website\",\"url\":\"https:\\\/\\\/compacc.tax\\\/pl\\\/\",\"name\":\"CompAcc: Complete Accountant\",\"description\":\"\",\"publisher\":{\"@id\":\"https:\\\/\\\/compacc.tax\\\/pl\\\/#organization\"},\"potentialAction\":[{\"@type\":\"SearchAction\",\"target\":{\"@type\":\"EntryPoint\",\"urlTemplate\":\"https:\\\/\\\/compacc.tax\\\/pl\\\/?s={search_term_string}\"},\"query-input\":{\"@type\":\"PropertyValueSpecification\",\"valueRequired\":true,\"valueName\":\"search_term_string\"}}],\"inLanguage\":\"pl-PL\"},{\"@type\":\"Organization\",\"@id\":\"https:\\\/\\\/compacc.tax\\\/pl\\\/#organization\",\"name\":\"Compacc Tax\",\"url\":\"https:\\\/\\\/compacc.tax\\\/pl\\\/\",\"logo\":{\"@type\":\"ImageObject\",\"inLanguage\":\"pl-PL\",\"@id\":\"https:\\\/\\\/compacc.tax\\\/pl\\\/#\\\/schema\\\/logo\\\/image\\\/\",\"url\":\"https:\\\/\\\/compacc.tax\\\/wp-content\\\/uploads\\\/2023\\\/12\\\/compacc-logo.svg\",\"contentUrl\":\"https:\\\/\\\/compacc.tax\\\/wp-content\\\/uploads\\\/2023\\\/12\\\/compacc-logo.svg\",\"width\":141,\"height\":37,\"caption\":\"Compacc Tax\"},\"image\":{\"@id\":\"https:\\\/\\\/compacc.tax\\\/pl\\\/#\\\/schema\\\/logo\\\/image\\\/\"}},{\"@type\":\"Person\",\"@id\":\"https:\\\/\\\/compacc.tax\\\/pl\\\/#\\\/schema\\\/person\\\/26111696fced602b9032ff4eb4e9c0b2\",\"name\":\"Rafal Szpin\",\"description\":\"Founder and CEO\",\"sameAs\":[\"https:\\\/\\\/www.linkedin.com\\\/in\\\/rafal-szpin\\\/\"]}]}<\/script>\n<!-- \/ Yoast SEO plugin. -->","yoast_head_json":{"title":"Porozmawiajmy o podatku VAT w Polsce - co musisz wiedzie\u0107?","description":"Poznaj najwa\u017cniejsze informacje o temacie, kt\u00f3ry depcze po pi\u0119tach ka\u017cdego z nas. Podatek VAT w Polsce i co warto o nim wiedzie\u0107.","robots":{"index":"index","follow":"follow","max-snippet":"max-snippet:-1","max-image-preview":"max-image-preview:large","max-video-preview":"max-video-preview:-1"},"canonical":"https:\/\/compacc.tax\/pl\/blog\/najwazniejsze-o-podatku-vat-w-polsce\/","og_locale":"pl_PL","og_type":"article","og_title":"Porozmawiajmy o podatku VAT w Polsce - co musisz wiedzie\u0107?","og_description":"Poznaj najwa\u017cniejsze informacje o temacie, kt\u00f3ry depcze po pi\u0119tach ka\u017cdego z nas. Podatek VAT w Polsce i co warto o nim wiedzie\u0107.","og_url":"https:\/\/compacc.tax\/pl\/blog\/najwazniejsze-o-podatku-vat-w-polsce\/","og_site_name":"Compacc: Complete Accountant","article_published_time":"2024-08-12T11:42:09+00:00","article_modified_time":"2024-08-12T11:42:12+00:00","og_image":[{"width":2240,"height":1260,"url":"https:\/\/compacc.tax\/wp-content\/uploads\/2024\/08\/O-PODATKU-VAT-W-POLSCE.png","type":"image\/png"}],"author":"Rafal Szpin","twitter_card":"summary_large_image","twitter_misc":{"Napisane przez":"Rafal Szpin","Szacowany czas czytania":"7 minut"},"schema":{"@context":"https:\/\/schema.org","@graph":[{"@type":"Article","@id":"https:\/\/compacc.tax\/pl\/blog\/najwazniejsze-o-podatku-vat-w-polsce\/#article","isPartOf":{"@id":"https:\/\/compacc.tax\/pl\/blog\/najwazniejsze-o-podatku-vat-w-polsce\/"},"author":{"name":"Rafal Szpin","@id":"https:\/\/compacc.tax\/pl\/#\/schema\/person\/26111696fced602b9032ff4eb4e9c0b2"},"headline":"TRE\u015aCIWIE O PODATKU VAT","datePublished":"2024-08-12T11:42:09+00:00","dateModified":"2024-08-12T11:42:12+00:00","mainEntityOfPage":{"@id":"https:\/\/compacc.tax\/pl\/blog\/najwazniejsze-o-podatku-vat-w-polsce\/"},"wordCount":1389,"commentCount":0,"publisher":{"@id":"https:\/\/compacc.tax\/pl\/#organization"},"image":{"@id":"https:\/\/compacc.tax\/pl\/blog\/najwazniejsze-o-podatku-vat-w-polsce\/#primaryimage"},"thumbnailUrl":"https:\/\/compacc.tax\/wp-content\/uploads\/2024\/08\/O-PODATKU-VAT-W-POLSCE.png","keywords":["bizneswPolsce","firma","podatki","VAT"],"articleSection":["Podatki"],"inLanguage":"pl-PL"},{"@type":"WebPage","@id":"https:\/\/compacc.tax\/pl\/blog\/najwazniejsze-o-podatku-vat-w-polsce\/","url":"https:\/\/compacc.tax\/pl\/blog\/najwazniejsze-o-podatku-vat-w-polsce\/","name":"Porozmawiajmy o podatku VAT w Polsce - co musisz wiedzie\u0107?","isPartOf":{"@id":"https:\/\/compacc.tax\/pl\/#website"},"primaryImageOfPage":{"@id":"https:\/\/compacc.tax\/pl\/blog\/najwazniejsze-o-podatku-vat-w-polsce\/#primaryimage"},"image":{"@id":"https:\/\/compacc.tax\/pl\/blog\/najwazniejsze-o-podatku-vat-w-polsce\/#primaryimage"},"thumbnailUrl":"https:\/\/compacc.tax\/wp-content\/uploads\/2024\/08\/O-PODATKU-VAT-W-POLSCE.png","datePublished":"2024-08-12T11:42:09+00:00","dateModified":"2024-08-12T11:42:12+00:00","description":"Poznaj najwa\u017cniejsze informacje o temacie, kt\u00f3ry depcze po pi\u0119tach ka\u017cdego z nas. Podatek VAT w Polsce i co warto o nim wiedzie\u0107.","breadcrumb":{"@id":"https:\/\/compacc.tax\/pl\/blog\/najwazniejsze-o-podatku-vat-w-polsce\/#breadcrumb"},"inLanguage":"pl-PL","potentialAction":[{"@type":"ReadAction","target":["https:\/\/compacc.tax\/pl\/blog\/najwazniejsze-o-podatku-vat-w-polsce\/"]}]},{"@type":"ImageObject","inLanguage":"pl-PL","@id":"https:\/\/compacc.tax\/pl\/blog\/najwazniejsze-o-podatku-vat-w-polsce\/#primaryimage","url":"https:\/\/compacc.tax\/wp-content\/uploads\/2024\/08\/O-PODATKU-VAT-W-POLSCE.png","contentUrl":"https:\/\/compacc.tax\/wp-content\/uploads\/2024\/08\/O-PODATKU-VAT-W-POLSCE.png","width":2240,"height":1260,"caption":"O PODATKU VAT W POLSCE"},{"@type":"BreadcrumbList","@id":"https:\/\/compacc.tax\/pl\/blog\/najwazniejsze-o-podatku-vat-w-polsce\/#breadcrumb","itemListElement":[{"@type":"ListItem","position":1,"name":"Strona g\u0142\u00f3wna","item":"https:\/\/compacc.tax\/pl\/"},{"@type":"ListItem","position":2,"name":"TRE\u015aCIWIE O PODATKU VAT"}]},{"@type":"WebSite","@id":"https:\/\/compacc.tax\/pl\/#website","url":"https:\/\/compacc.tax\/pl\/","name":"CompAcc: Complete Accountant","description":"","publisher":{"@id":"https:\/\/compacc.tax\/pl\/#organization"},"potentialAction":[{"@type":"SearchAction","target":{"@type":"EntryPoint","urlTemplate":"https:\/\/compacc.tax\/pl\/?s={search_term_string}"},"query-input":{"@type":"PropertyValueSpecification","valueRequired":true,"valueName":"search_term_string"}}],"inLanguage":"pl-PL"},{"@type":"Organization","@id":"https:\/\/compacc.tax\/pl\/#organization","name":"Compacc Tax","url":"https:\/\/compacc.tax\/pl\/","logo":{"@type":"ImageObject","inLanguage":"pl-PL","@id":"https:\/\/compacc.tax\/pl\/#\/schema\/logo\/image\/","url":"https:\/\/compacc.tax\/wp-content\/uploads\/2023\/12\/compacc-logo.svg","contentUrl":"https:\/\/compacc.tax\/wp-content\/uploads\/2023\/12\/compacc-logo.svg","width":141,"height":37,"caption":"Compacc Tax"},"image":{"@id":"https:\/\/compacc.tax\/pl\/#\/schema\/logo\/image\/"}},{"@type":"Person","@id":"https:\/\/compacc.tax\/pl\/#\/schema\/person\/26111696fced602b9032ff4eb4e9c0b2","name":"Rafal Szpin","description":"Founder and CEO","sameAs":["https:\/\/www.linkedin.com\/in\/rafal-szpin\/"]}]}},"_links":{"self":[{"href":"https:\/\/compacc.tax\/pl\/wp-json\/wp\/v2\/posts\/998","targetHints":{"allow":["GET"]}}],"collection":[{"href":"https:\/\/compacc.tax\/pl\/wp-json\/wp\/v2\/posts"}],"about":[{"href":"https:\/\/compacc.tax\/pl\/wp-json\/wp\/v2\/types\/post"}],"author":[{"embeddable":true,"href":"https:\/\/compacc.tax\/pl\/wp-json\/wp\/v2\/users\/3"}],"replies":[{"embeddable":true,"href":"https:\/\/compacc.tax\/pl\/wp-json\/wp\/v2\/comments?post=998"}],"version-history":[{"count":4,"href":"https:\/\/compacc.tax\/pl\/wp-json\/wp\/v2\/posts\/998\/revisions"}],"predecessor-version":[{"id":1013,"href":"https:\/\/compacc.tax\/pl\/wp-json\/wp\/v2\/posts\/998\/revisions\/1013"}],"wp:featuredmedia":[{"embeddable":true,"href":"https:\/\/compacc.tax\/pl\/wp-json\/wp\/v2\/media\/1000"}],"wp:attachment":[{"href":"https:\/\/compacc.tax\/pl\/wp-json\/wp\/v2\/media?parent=998"}],"wp:term":[{"taxonomy":"category","embeddable":true,"href":"https:\/\/compacc.tax\/pl\/wp-json\/wp\/v2\/categories?post=998"},{"taxonomy":"post_tag","embeddable":true,"href":"https:\/\/compacc.tax\/pl\/wp-json\/wp\/v2\/tags?post=998"}],"curies":[{"name":"wp","href":"https:\/\/api.w.org\/{rel}","templated":true}]}}