{"id":962,"date":"2024-06-20T12:49:34","date_gmt":"2024-06-20T10:49:34","guid":{"rendered":"https:\/\/compacc.tax\/?p=962"},"modified":"2024-06-20T12:49:37","modified_gmt":"2024-06-20T10:49:37","slug":"podatki-w-sp-z-o-o-w-polsce","status":"publish","type":"post","link":"https:\/\/compacc.tax\/pl\/blog\/podatki-w-sp-z-o-o-w-polsce\/","title":{"rendered":"PODATKI W SP. Z O. O. \u2013 NA CO MUSISZ BY\u0106 GOTOWY?"},"content":{"rendered":"\n<p>Sp\u00f3\u0142ka z ograniczon\u0105 odpowiedzialno\u015bci\u0105 (sp. z o. o.) jest jedn\u0105 z najpopularniejszych form prowadzenia dzia\u0142alno\u015bci gospodarczej w Polsce. Podatki to nieod\u0142\u0105czny element ka\u017cdej takiej dzia\u0142alno\u015bci, nie inaczej jest w przypadku sp. z o. o.. Nie ukrywamy, \u017ce mog\u0105 stanowi\u0107 wyzwanie, dlatego te\u017c zrozumienie podatkowego krajobrazu jest niezwykle istotne.<\/p>\n\n\n\n<p>Nale\u017cy podchodzi\u0107 do tego rzetelnie, to obowi\u0105zek, kt\u00f3ry czeka na ka\u017cdego przedsi\u0119biorc\u0119. Dlatego chcemy przybli\u017cy\u0107 temat w tym wpisie, by u\u0142atwi\u0107 nieco pocz\u0105tki takiej znajomo\u015bci. Zanim jednak przejdziesz dalej, polecamy wpierw przeczyta\u0107 na og\u00f3lny artyku\u0142 o sp\u00f3\u0142ce z o.o. <a href=\"https:\/\/compacc.tax\/pl\/blog\/spolka-z-o-o-w-polsce\/\">tutaj<\/a>. To na pewno pomo\u017ce lepiej zrozumie\u0107 to co przeczytasz poni\u017cej.<\/p>\n\n\n\n<h4 class=\"wp-block-heading\"><strong>To jak te podatki wygl\u0105daj\u0105?<\/strong><\/h4>\n\n\n\n<p>W sp\u00f3\u0142ce z ograniczon\u0105 odpowiedzialno\u015bci\u0105 dochody opodatkowane s\u0105 <strong>podatkiem dochodowym od os\u00f3b prawnych (CIT)<\/strong>, kt\u00f3ry jest naliczany na ca\u0142o\u015b\u0107 dochod\u00f3w firmy,<strong> bez wzgl\u0119du na ich \u017ar\u00f3d\u0142o<\/strong>. W tej strukturze firmy najpierw reguluj\u0105 swoje zobowi\u0105zania podatkowe, a dopiero potem wsp\u00f3lnicy s\u0105 opodatkowani <strong>zrycza\u0142towanym<\/strong> <strong>podatkiem dochodowym od os\u00f3b fizycznych (PIT)<\/strong> z tytu\u0142u udzia\u0142u w zyskach zwanych <strong>dywidend\u0105<\/strong>.<\/p>\n\n\n\n<p>Przedmiotem opodatkowania w CIT jest&nbsp;<strong>doch\u00f3d<\/strong>, czyli nadwy\u017cka przychod\u00f3w nad poniesionymi kosztami. W PIT jest to natomiast sama dywidenda, bez \u017cadnych potr\u0105ce\u0144.<\/p>\n\n\n\n<h4 class=\"wp-block-heading\"><strong>Zachowuj\u0105c kolejno\u015b\u0107 \u2013 najpierw CIT<\/strong><\/h4>\n\n\n\n<p><strong>Stawka CIT wynosi 19% albo 9%<\/strong> &#8211; dla ma\u0142ych podatnik\u00f3w i firm rozpoczynaj\u0105cych dzia\u0142alno\u015b\u0107.<\/p>\n\n\n\n<p>Firmy, kt\u00f3re maj\u0105 siedzib\u0119 lub zarz\u0105d w Polsce,&nbsp;<strong>p\u0142ac\u0105 CIT od ca\u0142o\u015bci swoich dochod\u00f3w<\/strong>, bez wzgl\u0119du na miejsce ich osi\u0105gania. Firmy, kt\u00f3re nie maj\u0105 na terytorium Polski siedziby lub zarz\u0105du, podlegaj\u0105 obowi\u0105zkowi podatkowemu&nbsp;<strong>tylko od dochod\u00f3w, kt\u00f3re osi\u0105gaj\u0105 w Polsce<\/strong>.<\/p>\n\n\n\n<h4 class=\"wp-block-heading\"><strong>Kto mo\u017ce stosowa\u0107 stawk\u0119 9%?<\/strong><\/h4>\n\n\n\n<p>Z obni\u017conej,&nbsp;<strong>9% stawki<\/strong>&nbsp;mog\u0105 skorzysta\u0107:<\/p>\n\n\n\n<ul class=\"wp-block-list\">\n<li><strong>mali podatnicy<\/strong>, kt\u00f3rych roczny przych\u00f3d ze sprzeda\u017cy brutto (wraz z podatkiem VAT) nie przekroczy\u0142 2 milion\u00f3w euro, przeliczonych wed\u0142ug kursu euro og\u0142aszanego przez NBP na pierwszy dzie\u0144 roboczy pa\u017adziernika poprzedniego roku podatkowego, zaokr\u0105glonych do 1000 z\u0142otych,<\/li>\n\n\n\n<li>u kt\u00f3rych przychody w danym roku podatkowym <strong>nie <\/strong>przekroczy\u0142y 2 milion\u00f3w euro netto, ustalonego wed\u0142ug kursu euro og\u0142aszanego przez NBP na pierwszy dzie\u0144 roboczy tego roku podatkowego, zaokr\u0105glonego do 1000 z\u0142otych (zwykle 2 stycznia),<\/li>\n\n\n\n<li>firmy&nbsp;<strong>rozpoczynaj\u0105ce dzia\u0142alno\u015b\u0107<\/strong>&nbsp;\u2013 w pierwszym roku podatkowym.<\/li>\n<\/ul>\n\n\n\n<p><strong>Uwaga!<\/strong>&nbsp;<strong>Nie mo\u017cesz<\/strong> stosowa\u0107&nbsp;<strong>stawki 9%<\/strong>, je\u015bli firma powsta\u0142a poprzez restrukturyzacj\u0119 (na przyk\u0142ad podzia\u0142 dotychczasowej firmy), przez przekszta\u0142cenie firmy osoby fizycznej lub sp\u00f3\u0142ki nieb\u0119d\u0105cej osob\u0105 prawn\u0105 albo do firmy wniesiono przedsi\u0119biorstwo (jego cz\u0119\u015b\u0107 albo sk\u0142adniki maj\u0105tku) o warto\u015bci powy\u017cej 10 tys. euro.<strong><\/strong><\/p>\n\n\n\n<h4 class=\"wp-block-heading\"><strong>Zaliczki miesi\u0119czne i kwartalne<\/strong><\/h4>\n\n\n\n<p>Podatnicy i p\u0142atnicy nie sk\u0142adaj\u0105 w trakcie roku podatkowego deklaracji podatkowych. S\u0105 natomiast zobowi\u0105zani do wp\u0142acania <strong>zaliczek<\/strong>.<\/p>\n\n\n\n<p>Zaliczki s\u0105 wp\u0142acane <strong>zasadniczo miesi\u0119cznie<\/strong>. Mali podatnicy oraz podatnicy rozpoczynaj\u0105cy prowadzenie dzia\u0142alno\u015bci gospodarczej maj\u0105 <strong>mo\u017cliwo\u015b\u0107 wp\u0142acania zaliczek kwartalnie<\/strong>.<\/p>\n\n\n\n<p>Termin wp\u0142acania zaliczek to <strong>20 dzie\u0144 miesi\u0105ca<\/strong> po miesi\u0105cu lub kwartale za kt\u00f3ry p\u0142acona jest zaliczka.<\/p>\n\n\n\n<p>Podatnicy CIT mog\u0105 wp\u0142aca\u0107 zaliczki miesi\u0119czne&nbsp;<strong>w uproszczonej formie,<\/strong>&nbsp;czyli w wysoko\u015bci 1\/12 podatku nale\u017cnego, wykazanego w zeznaniu z\u0142o\u017conym w roku poprzedzaj\u0105cym dany rok podatkowy.<\/p>\n\n\n\n<p>Ci, kt\u00f3rzy chc\u0105 wybra\u0107 uproszczon\u0105 form\u0119 wp\u0142acania zaliczek, musz\u0105:<\/p>\n\n\n\n<ul class=\"wp-block-list\">\n<li>stosowa\u0107 t\u0119 form\u0119 wp\u0142acania zaliczek w ca\u0142ym roku podatkowym,<\/li>\n\n\n\n<li>wp\u0142aca\u0107 zaliczki w terminach okre\u015blonych dla zaliczek miesi\u0119cznych,<\/li>\n\n\n\n<li>dokona\u0107 rozliczenia podatku za rok podatkowy.<\/li>\n<\/ul>\n\n\n\n<h4 class=\"wp-block-heading\"><strong>Rozliczenia<\/strong><\/h4>\n\n\n\n<p>Podatnicy maj\u0105 obowi\u0105zek z\u0142o\u017cenia zeznania rocznego o wysoko\u015bci dochodu (ewentualnie straty) za dany rok podatkowy,&nbsp;<strong>do ko\u0144ca 3. miesi\u0105ca nast\u0119pnego roku.<\/strong>&nbsp;Je\u015bli rok podatkowy podatnika pokrywa si\u0119 z rokiem kalendarzowym, b\u0119dzie to 31 marca nast\u0119pnego roku. W tym samym terminie&nbsp;<strong>musz\u0105 te\u017c wp\u0142aci\u0107 podatek<\/strong>, je\u015bli na deklaracji rocznej wychodzi podatek do zap\u0142aty.<\/p>\n\n\n\n<h4 class=\"wp-block-heading\"><strong>Czy w CIT przys\u0142uguj\u0105 jakie\u015b ulgi i odliczenia?<\/strong><\/h4>\n\n\n\n<p>Tak, od dochodu mo\u017cna odliczy\u0107 mi\u0119dzy innymi:<\/p>\n\n\n\n<ul class=\"wp-block-list\">\n<li>darowizny na rzecz organizacji po\u017cytku publicznego w ramach limitu do 10% dochodu,<\/li>\n\n\n\n<li>darowizny na cele kultu religijnego w ramach limitu do 10% dochodu,<\/li>\n\n\n\n<li>darowizny na cele kszta\u0142cenia zawodowego przekazane publicznym szko\u0142om prowadz\u0105cym kszta\u0142cenie zawodowe,<\/li>\n\n\n\n<li>ulg\u0119 na dzia\u0142alno\u015b\u0107 badawczo-rozwojow\u0105 (okre\u015blone koszty kwalifikowane),<\/li>\n\n\n\n<li>ulg\u0119 na innowacyjnych pracownik\u00f3w,<\/li>\n\n\n\n<li>ulg\u0119 na prototyp,<\/li>\n\n\n\n<li>ulg\u0119 na robotyzacj\u0119,<\/li>\n\n\n\n<li>ulg\u0119 prowzrostow\u0105,<\/li>\n\n\n\n<li>ulg\u0119 konsolidacyjn\u0105,<\/li>\n\n\n\n<li>ulg\u0119 na pierwsz\u0105 ofert\u0119 publiczn\u0105 (IPO),<\/li>\n\n\n\n<li>ulg\u0119 dla wspieraj\u0105cych sport, kultur\u0119 i edukacj\u0119,<\/li>\n\n\n\n<li>ulg\u0119 na terminale p\u0142atnicze.<\/li>\n<\/ul>\n\n\n\n<p><strong>Do tego<\/strong>, je\u017celi w danym roku podatkowym poniesiesz strat\u0119, mo\u017cesz j\u0105 rozliczy\u0107 (pomniejszy\u0107 osi\u0105gni\u0119ty doch\u00f3d) w kolejnych <strong>5-ciu latach<\/strong> podatkowych.<strong><\/strong><\/p>\n\n\n\n<h4 class=\"wp-block-heading\"><strong>Esto\u0144ski CIT \u2013 a co to?<\/strong><\/h4>\n\n\n\n<p>Szczeg\u00f3ln\u0105 form\u0105 opodatkowania jest rycza\u0142t od dochod\u00f3w sp\u00f3\u0142ek kapita\u0142owych, czyli tzw.&nbsp;<a href=\"https:\/\/www.biznes.gov.pl\/pl\/portal\/001171\" target=\"_blank\" rel=\"noreferrer noopener\"><strong>esto\u0144ski CIT<\/strong><\/a>. W jego przypadku opodatkowanie nast\u0119puje w momencie wyp\u0142aty zysku ze sp\u00f3\u0142ki (dywidendy). <strong>Zaliczki nie s\u0105 p\u0142atne miesi\u0119cznie<\/strong>, co daje <strong>elastyczno\u015b\u0107 <\/strong>w wyborze momentu opodatkowania oraz pozwala na swobodne alokowanie \u015brodk\u00f3w na bie\u017c\u0105c\u0105 dzia\u0142alno\u015b\u0107.<br><br><strong>Ponadto,<\/strong> w momencie opodatkowania, efektywna stawka podatku (\u0142\u0105cznie z podatkiem od zysku sp\u00f3\u0142ki i podatkiem od dywidendy) jest <strong>ni\u017csza<\/strong> <strong>ni\u017c w tradycyjnym CIT<\/strong>: dla ma\u0142ych podatnik\u00f3w wynosi tylko <strong>20%<\/strong>, a dla pozosta\u0142ych <strong>25%<\/strong>.<\/p>\n\n\n\n<p>Nie ka\u017cda sp\u00f3\u0142ka jednak mo\u017ce z tego skorzysta\u0107. Sp\u00f3\u0142ka <strong>mo\u017ce<\/strong> skorzysta\u0107 z esto\u0144skiego CITu je\u017celi:<\/p>\n\n\n\n<ul class=\"wp-block-list\">\n<li> przychody kapita\u0142owe nie przekraczaj\u0105 50% wszystkich przychod\u00f3w,<\/li>\n<\/ul>\n\n\n\n<ul class=\"wp-block-list\">\n<li>wsp\u00f3lnikami s\u0105 tylko osoby fizyczne,<\/li>\n<\/ul>\n\n\n\n<ul class=\"wp-block-list\">\n<li>przez co najmniej 300 dni w roku zatrudnia co najmniej 3 osoby na podstawie umowy o prac\u0119 lub ponosi 3-krotno\u015b\u0107 \u015bredniego miesi\u0119cznego wynagrodzenia na umowy cywilnoprawne,<\/li>\n<\/ul>\n\n\n\n<ul class=\"wp-block-list\">\n<li>nie posiada udzia\u0142\u00f3w (akcji) w innych sp\u00f3\u0142kach,<\/li>\n<\/ul>\n\n\n\n<ul class=\"wp-block-list\">\n<li>nie sporz\u0105dzaj\u0105 sprawozda\u0144 finansowych zgodnie z Mi\u0119dzynarodowymi Standardami Rachunkowo\u015bci.<\/li>\n<\/ul>\n\n\n\n<h4 class=\"wp-block-heading\"><strong>To jak jest z drugim opodatkowaniem? &#8211; Dywidenda w sp. z o. o.<\/strong><\/h4>\n\n\n\n<p>Dywidenda to forma <strong>dochodu z kapita\u0142u<\/strong>, wyp\u0142acana w sp\u00f3\u0142kach kapita\u0142owych a sp. z o.o. jest jedn\u0105 z nich. Wyp\u0142acana jest wsp\u00f3lnikom lub akcjonariuszom, zwykle na podstawie zysku netto z poprzedniego roku obrotowego. Dywidend\u0119 mo\u017cna te\u017c wyp\u0142aci\u0107 z zysk\u00f3w <strong>z lat wcze\u015bniejszych<\/strong>.<br><br>Zgromadzenie wsp\u00f3lnik\u00f3w decyduje o dniu dywidendy i wyp\u0142aty, <strong>nie<\/strong> mo\u017ce by\u0107 to <strong>p\u00f3\u017aniej<\/strong> ni\u017c <strong>2 miesi\u0105ce<\/strong> od zgromadzenia. Je\u015bli termin nie jest okre\u015blony, dzie\u0144 dywidendy jest dniem podj\u0119cia uchwa\u0142y. Z dywidend pobierany jest <strong>19%<\/strong> zrycza\u0142towany podatek dochodowy.<br><br>Wsp\u00f3lnicy mog\u0105 otrzyma\u0107 zaliczki na dywidend\u0119 przed zamkni\u0119ciem roku, ale je\u015bli sp\u00f3\u0142ka poniesie strat\u0119 lub osi\u0105gnie mniejszy zysk, <strong>zaliczki musz\u0105 zosta\u0107 zwr\u00f3cone<\/strong>.<\/p>\n\n\n\n<h4 class=\"wp-block-heading\"><strong>Podsumowuj\u0105c<\/strong><\/h4>\n\n\n\n<p>Zawsze warto konsultowa\u0107 si\u0119 z <strong>profesjonalistami<\/strong>, np. biurem ksi\u0119gowym czy doradc\u0105, aby upewni\u0107 si\u0119, \u017ce firma dzia\u0142a na prawid\u0142owych obrotach podatkowych.<\/p>\n\n\n\n<p>Wiemy jak z\u0142o\u017cone i uci\u0105\u017cliwe potrafi\u0105 by\u0107 podatki. To niekiedy <strong>najwi\u0119ksza<\/strong> <strong>zmora dzia\u0142alno\u015bci<\/strong>. Natomiast, s\u0105 one ogromnie wa\u017cne i do tego nie do unikni\u0119cia. Dlatego naprawd\u0119 zalecamy si\u0119 upewni\u0107 i w miar\u0119 mo\u017cliwo\u015bci skorzysta\u0107 z dost\u0119pnej pomocy.<\/p>\n\n\n\n<p>Ch\u0119tnie Ci pomo\u017cemy i odci\u0105\u017cymy w tym natr\u0119tnym temacie. Nasze <strong>kompleksowe biuro rachunkowe<\/strong> jest gotowe i zawsze otwarte dla przedsi\u0119biorc\u00f3w w Polsce i nie tylko.<br>Zadbamy o to, by my\u015bl o podatkach by\u0142a dla Ciebie najmniejszym zmartwieniem.<\/p>\n","protected":false},"excerpt":{"rendered":"<p>Podatki to nieod\u0142\u0105czny element ka\u017cdej dzia\u0142alno\u015bci. Temat nas nie ominie, wi\u0119c dlatego wa\u017cne jest, by przynajmniej spr\u00f3bowa\u0107 go zrozumie\u0107.<\/p>\n","protected":false},"author":3,"featured_media":966,"comment_status":"open","ping_status":"open","sticky":false,"template":"","format":"standard","meta":{"footnotes":""},"categories":[24],"tags":[91,26,34,31],"class_list":["post-962","post","type-post","status-publish","format-standard","has-post-thumbnail","hentry","category-podatki","tag-spolkazoo","tag-firma","tag-podatki","tag-spolka"],"yoast_head":"<!-- This site is optimized with the Yoast SEO plugin v27.4 - https:\/\/yoast.com\/product\/yoast-seo-wordpress\/ -->\n<title>Podatki w sp. z o. o. - co najpierw musisz o nich wiedzie\u0107?<\/title>\n<meta name=\"description\" content=\"Podatki to nieod\u0142\u0105czny element ka\u017cdej dzia\u0142alno\u015bci. Temat nas nie ominie, wi\u0119c dlatego wa\u017cne jest, by przynajmniej spr\u00f3bowa\u0107 go zrozumie\u0107.\" \/>\n<meta name=\"robots\" content=\"index, follow, max-snippet:-1, max-image-preview:large, max-video-preview:-1\" \/>\n<link rel=\"canonical\" href=\"https:\/\/compacc.tax\/pl\/blog\/podatki-w-sp-z-o-o-w-polsce\/\" \/>\n<meta property=\"og:locale\" content=\"pl_PL\" \/>\n<meta property=\"og:type\" content=\"article\" \/>\n<meta property=\"og:title\" content=\"Podatki w sp. z o. o. - co najpierw musisz o nich wiedzie\u0107?\" \/>\n<meta property=\"og:description\" content=\"Podatki to nieod\u0142\u0105czny element ka\u017cdej dzia\u0142alno\u015bci. Temat nas nie ominie, wi\u0119c dlatego wa\u017cne jest, by przynajmniej spr\u00f3bowa\u0107 go zrozumie\u0107.\" \/>\n<meta property=\"og:url\" content=\"https:\/\/compacc.tax\/pl\/blog\/podatki-w-sp-z-o-o-w-polsce\/\" \/>\n<meta property=\"og:site_name\" content=\"Compacc: Complete Accountant\" \/>\n<meta property=\"article:published_time\" content=\"2024-06-20T10:49:34+00:00\" \/>\n<meta property=\"article:modified_time\" content=\"2024-06-20T10:49:37+00:00\" \/>\n<meta property=\"og:image\" content=\"https:\/\/compacc.tax\/wp-content\/uploads\/2024\/06\/PODATKI-A-SP.-Z-O.-O.-W-POLSCE-1.png\" \/>\n\t<meta property=\"og:image:width\" content=\"2240\" \/>\n\t<meta property=\"og:image:height\" content=\"1260\" \/>\n\t<meta property=\"og:image:type\" content=\"image\/png\" \/>\n<meta name=\"author\" content=\"Rafal Szpin\" \/>\n<meta name=\"twitter:card\" content=\"summary_large_image\" \/>\n<meta name=\"twitter:label1\" content=\"Napisane przez\" \/>\n\t<meta name=\"twitter:data1\" content=\"Rafal Szpin\" \/>\n\t<meta name=\"twitter:label2\" content=\"Szacowany czas czytania\" \/>\n\t<meta name=\"twitter:data2\" content=\"7 minut\" \/>\n<script type=\"application\/ld+json\" class=\"yoast-schema-graph\">{\"@context\":\"https:\\\/\\\/schema.org\",\"@graph\":[{\"@type\":\"Article\",\"@id\":\"https:\\\/\\\/compacc.tax\\\/pl\\\/blog\\\/podatki-w-sp-z-o-o-w-polsce\\\/#article\",\"isPartOf\":{\"@id\":\"https:\\\/\\\/compacc.tax\\\/pl\\\/blog\\\/podatki-w-sp-z-o-o-w-polsce\\\/\"},\"author\":{\"name\":\"Rafal Szpin\",\"@id\":\"https:\\\/\\\/compacc.tax\\\/pl\\\/#\\\/schema\\\/person\\\/26111696fced602b9032ff4eb4e9c0b2\"},\"headline\":\"PODATKI W SP. Z O. O. \u2013 NA CO MUSISZ BY\u0106 GOTOWY?\",\"datePublished\":\"2024-06-20T10:49:34+00:00\",\"dateModified\":\"2024-06-20T10:49:37+00:00\",\"mainEntityOfPage\":{\"@id\":\"https:\\\/\\\/compacc.tax\\\/pl\\\/blog\\\/podatki-w-sp-z-o-o-w-polsce\\\/\"},\"wordCount\":1247,\"commentCount\":0,\"publisher\":{\"@id\":\"https:\\\/\\\/compacc.tax\\\/pl\\\/#organization\"},\"image\":{\"@id\":\"https:\\\/\\\/compacc.tax\\\/pl\\\/blog\\\/podatki-w-sp-z-o-o-w-polsce\\\/#primaryimage\"},\"thumbnailUrl\":\"https:\\\/\\\/compacc.tax\\\/wp-content\\\/uploads\\\/2024\\\/06\\\/PODATKI-A-SP.-Z-O.-O.-W-POLSCE-1.png\",\"keywords\":[\"#sp\u00f3\u0142kazoo\",\"firma\",\"podatki\",\"sp\u00f3\u0142ka\"],\"articleSection\":[\"Podatki\"],\"inLanguage\":\"pl-PL\"},{\"@type\":\"WebPage\",\"@id\":\"https:\\\/\\\/compacc.tax\\\/pl\\\/blog\\\/podatki-w-sp-z-o-o-w-polsce\\\/\",\"url\":\"https:\\\/\\\/compacc.tax\\\/pl\\\/blog\\\/podatki-w-sp-z-o-o-w-polsce\\\/\",\"name\":\"Podatki w sp. z o. o. - co najpierw musisz o nich wiedzie\u0107?\",\"isPartOf\":{\"@id\":\"https:\\\/\\\/compacc.tax\\\/pl\\\/#website\"},\"primaryImageOfPage\":{\"@id\":\"https:\\\/\\\/compacc.tax\\\/pl\\\/blog\\\/podatki-w-sp-z-o-o-w-polsce\\\/#primaryimage\"},\"image\":{\"@id\":\"https:\\\/\\\/compacc.tax\\\/pl\\\/blog\\\/podatki-w-sp-z-o-o-w-polsce\\\/#primaryimage\"},\"thumbnailUrl\":\"https:\\\/\\\/compacc.tax\\\/wp-content\\\/uploads\\\/2024\\\/06\\\/PODATKI-A-SP.-Z-O.-O.-W-POLSCE-1.png\",\"datePublished\":\"2024-06-20T10:49:34+00:00\",\"dateModified\":\"2024-06-20T10:49:37+00:00\",\"description\":\"Podatki to nieod\u0142\u0105czny element ka\u017cdej dzia\u0142alno\u015bci. Temat nas nie ominie, wi\u0119c dlatego wa\u017cne jest, by przynajmniej spr\u00f3bowa\u0107 go zrozumie\u0107.\",\"breadcrumb\":{\"@id\":\"https:\\\/\\\/compacc.tax\\\/pl\\\/blog\\\/podatki-w-sp-z-o-o-w-polsce\\\/#breadcrumb\"},\"inLanguage\":\"pl-PL\",\"potentialAction\":[{\"@type\":\"ReadAction\",\"target\":[\"https:\\\/\\\/compacc.tax\\\/pl\\\/blog\\\/podatki-w-sp-z-o-o-w-polsce\\\/\"]}]},{\"@type\":\"ImageObject\",\"inLanguage\":\"pl-PL\",\"@id\":\"https:\\\/\\\/compacc.tax\\\/pl\\\/blog\\\/podatki-w-sp-z-o-o-w-polsce\\\/#primaryimage\",\"url\":\"https:\\\/\\\/compacc.tax\\\/wp-content\\\/uploads\\\/2024\\\/06\\\/PODATKI-A-SP.-Z-O.-O.-W-POLSCE-1.png\",\"contentUrl\":\"https:\\\/\\\/compacc.tax\\\/wp-content\\\/uploads\\\/2024\\\/06\\\/PODATKI-A-SP.-Z-O.-O.-W-POLSCE-1.png\",\"width\":2240,\"height\":1260,\"caption\":\"PODATKI, A SP. Z O. O. W POLSCE\"},{\"@type\":\"BreadcrumbList\",\"@id\":\"https:\\\/\\\/compacc.tax\\\/pl\\\/blog\\\/podatki-w-sp-z-o-o-w-polsce\\\/#breadcrumb\",\"itemListElement\":[{\"@type\":\"ListItem\",\"position\":1,\"name\":\"Strona g\u0142\u00f3wna\",\"item\":\"https:\\\/\\\/compacc.tax\\\/pl\\\/\"},{\"@type\":\"ListItem\",\"position\":2,\"name\":\"PODATKI W SP. Z O. O. \u2013 NA CO MUSISZ BY\u0106 GOTOWY?\"}]},{\"@type\":\"WebSite\",\"@id\":\"https:\\\/\\\/compacc.tax\\\/pl\\\/#website\",\"url\":\"https:\\\/\\\/compacc.tax\\\/pl\\\/\",\"name\":\"CompAcc: Complete Accountant\",\"description\":\"\",\"publisher\":{\"@id\":\"https:\\\/\\\/compacc.tax\\\/pl\\\/#organization\"},\"potentialAction\":[{\"@type\":\"SearchAction\",\"target\":{\"@type\":\"EntryPoint\",\"urlTemplate\":\"https:\\\/\\\/compacc.tax\\\/pl\\\/?s={search_term_string}\"},\"query-input\":{\"@type\":\"PropertyValueSpecification\",\"valueRequired\":true,\"valueName\":\"search_term_string\"}}],\"inLanguage\":\"pl-PL\"},{\"@type\":\"Organization\",\"@id\":\"https:\\\/\\\/compacc.tax\\\/pl\\\/#organization\",\"name\":\"Compacc Tax\",\"url\":\"https:\\\/\\\/compacc.tax\\\/pl\\\/\",\"logo\":{\"@type\":\"ImageObject\",\"inLanguage\":\"pl-PL\",\"@id\":\"https:\\\/\\\/compacc.tax\\\/pl\\\/#\\\/schema\\\/logo\\\/image\\\/\",\"url\":\"https:\\\/\\\/compacc.tax\\\/wp-content\\\/uploads\\\/2023\\\/12\\\/compacc-logo.svg\",\"contentUrl\":\"https:\\\/\\\/compacc.tax\\\/wp-content\\\/uploads\\\/2023\\\/12\\\/compacc-logo.svg\",\"width\":141,\"height\":37,\"caption\":\"Compacc Tax\"},\"image\":{\"@id\":\"https:\\\/\\\/compacc.tax\\\/pl\\\/#\\\/schema\\\/logo\\\/image\\\/\"}},{\"@type\":\"Person\",\"@id\":\"https:\\\/\\\/compacc.tax\\\/pl\\\/#\\\/schema\\\/person\\\/26111696fced602b9032ff4eb4e9c0b2\",\"name\":\"Rafal Szpin\",\"description\":\"Founder and CEO\",\"sameAs\":[\"https:\\\/\\\/www.linkedin.com\\\/in\\\/rafal-szpin\\\/\"]}]}<\/script>\n<!-- \/ Yoast SEO plugin. -->","yoast_head_json":{"title":"Podatki w sp. z o. o. - co najpierw musisz o nich wiedzie\u0107?","description":"Podatki to nieod\u0142\u0105czny element ka\u017cdej dzia\u0142alno\u015bci. Temat nas nie ominie, wi\u0119c dlatego wa\u017cne jest, by przynajmniej spr\u00f3bowa\u0107 go zrozumie\u0107.","robots":{"index":"index","follow":"follow","max-snippet":"max-snippet:-1","max-image-preview":"max-image-preview:large","max-video-preview":"max-video-preview:-1"},"canonical":"https:\/\/compacc.tax\/pl\/blog\/podatki-w-sp-z-o-o-w-polsce\/","og_locale":"pl_PL","og_type":"article","og_title":"Podatki w sp. z o. o. - co najpierw musisz o nich wiedzie\u0107?","og_description":"Podatki to nieod\u0142\u0105czny element ka\u017cdej dzia\u0142alno\u015bci. Temat nas nie ominie, wi\u0119c dlatego wa\u017cne jest, by przynajmniej spr\u00f3bowa\u0107 go zrozumie\u0107.","og_url":"https:\/\/compacc.tax\/pl\/blog\/podatki-w-sp-z-o-o-w-polsce\/","og_site_name":"Compacc: Complete Accountant","article_published_time":"2024-06-20T10:49:34+00:00","article_modified_time":"2024-06-20T10:49:37+00:00","og_image":[{"width":2240,"height":1260,"url":"https:\/\/compacc.tax\/wp-content\/uploads\/2024\/06\/PODATKI-A-SP.-Z-O.-O.-W-POLSCE-1.png","type":"image\/png"}],"author":"Rafal Szpin","twitter_card":"summary_large_image","twitter_misc":{"Napisane przez":"Rafal Szpin","Szacowany czas czytania":"7 minut"},"schema":{"@context":"https:\/\/schema.org","@graph":[{"@type":"Article","@id":"https:\/\/compacc.tax\/pl\/blog\/podatki-w-sp-z-o-o-w-polsce\/#article","isPartOf":{"@id":"https:\/\/compacc.tax\/pl\/blog\/podatki-w-sp-z-o-o-w-polsce\/"},"author":{"name":"Rafal Szpin","@id":"https:\/\/compacc.tax\/pl\/#\/schema\/person\/26111696fced602b9032ff4eb4e9c0b2"},"headline":"PODATKI W SP. Z O. O. \u2013 NA CO MUSISZ BY\u0106 GOTOWY?","datePublished":"2024-06-20T10:49:34+00:00","dateModified":"2024-06-20T10:49:37+00:00","mainEntityOfPage":{"@id":"https:\/\/compacc.tax\/pl\/blog\/podatki-w-sp-z-o-o-w-polsce\/"},"wordCount":1247,"commentCount":0,"publisher":{"@id":"https:\/\/compacc.tax\/pl\/#organization"},"image":{"@id":"https:\/\/compacc.tax\/pl\/blog\/podatki-w-sp-z-o-o-w-polsce\/#primaryimage"},"thumbnailUrl":"https:\/\/compacc.tax\/wp-content\/uploads\/2024\/06\/PODATKI-A-SP.-Z-O.-O.-W-POLSCE-1.png","keywords":["#sp\u00f3\u0142kazoo","firma","podatki","sp\u00f3\u0142ka"],"articleSection":["Podatki"],"inLanguage":"pl-PL"},{"@type":"WebPage","@id":"https:\/\/compacc.tax\/pl\/blog\/podatki-w-sp-z-o-o-w-polsce\/","url":"https:\/\/compacc.tax\/pl\/blog\/podatki-w-sp-z-o-o-w-polsce\/","name":"Podatki w sp. z o. o. - co najpierw musisz o nich wiedzie\u0107?","isPartOf":{"@id":"https:\/\/compacc.tax\/pl\/#website"},"primaryImageOfPage":{"@id":"https:\/\/compacc.tax\/pl\/blog\/podatki-w-sp-z-o-o-w-polsce\/#primaryimage"},"image":{"@id":"https:\/\/compacc.tax\/pl\/blog\/podatki-w-sp-z-o-o-w-polsce\/#primaryimage"},"thumbnailUrl":"https:\/\/compacc.tax\/wp-content\/uploads\/2024\/06\/PODATKI-A-SP.-Z-O.-O.-W-POLSCE-1.png","datePublished":"2024-06-20T10:49:34+00:00","dateModified":"2024-06-20T10:49:37+00:00","description":"Podatki to nieod\u0142\u0105czny element ka\u017cdej dzia\u0142alno\u015bci. Temat nas nie ominie, wi\u0119c dlatego wa\u017cne jest, by przynajmniej spr\u00f3bowa\u0107 go zrozumie\u0107.","breadcrumb":{"@id":"https:\/\/compacc.tax\/pl\/blog\/podatki-w-sp-z-o-o-w-polsce\/#breadcrumb"},"inLanguage":"pl-PL","potentialAction":[{"@type":"ReadAction","target":["https:\/\/compacc.tax\/pl\/blog\/podatki-w-sp-z-o-o-w-polsce\/"]}]},{"@type":"ImageObject","inLanguage":"pl-PL","@id":"https:\/\/compacc.tax\/pl\/blog\/podatki-w-sp-z-o-o-w-polsce\/#primaryimage","url":"https:\/\/compacc.tax\/wp-content\/uploads\/2024\/06\/PODATKI-A-SP.-Z-O.-O.-W-POLSCE-1.png","contentUrl":"https:\/\/compacc.tax\/wp-content\/uploads\/2024\/06\/PODATKI-A-SP.-Z-O.-O.-W-POLSCE-1.png","width":2240,"height":1260,"caption":"PODATKI, A SP. Z O. O. W POLSCE"},{"@type":"BreadcrumbList","@id":"https:\/\/compacc.tax\/pl\/blog\/podatki-w-sp-z-o-o-w-polsce\/#breadcrumb","itemListElement":[{"@type":"ListItem","position":1,"name":"Strona g\u0142\u00f3wna","item":"https:\/\/compacc.tax\/pl\/"},{"@type":"ListItem","position":2,"name":"PODATKI W SP. Z O. O. \u2013 NA CO MUSISZ BY\u0106 GOTOWY?"}]},{"@type":"WebSite","@id":"https:\/\/compacc.tax\/pl\/#website","url":"https:\/\/compacc.tax\/pl\/","name":"CompAcc: Complete Accountant","description":"","publisher":{"@id":"https:\/\/compacc.tax\/pl\/#organization"},"potentialAction":[{"@type":"SearchAction","target":{"@type":"EntryPoint","urlTemplate":"https:\/\/compacc.tax\/pl\/?s={search_term_string}"},"query-input":{"@type":"PropertyValueSpecification","valueRequired":true,"valueName":"search_term_string"}}],"inLanguage":"pl-PL"},{"@type":"Organization","@id":"https:\/\/compacc.tax\/pl\/#organization","name":"Compacc Tax","url":"https:\/\/compacc.tax\/pl\/","logo":{"@type":"ImageObject","inLanguage":"pl-PL","@id":"https:\/\/compacc.tax\/pl\/#\/schema\/logo\/image\/","url":"https:\/\/compacc.tax\/wp-content\/uploads\/2023\/12\/compacc-logo.svg","contentUrl":"https:\/\/compacc.tax\/wp-content\/uploads\/2023\/12\/compacc-logo.svg","width":141,"height":37,"caption":"Compacc Tax"},"image":{"@id":"https:\/\/compacc.tax\/pl\/#\/schema\/logo\/image\/"}},{"@type":"Person","@id":"https:\/\/compacc.tax\/pl\/#\/schema\/person\/26111696fced602b9032ff4eb4e9c0b2","name":"Rafal Szpin","description":"Founder and CEO","sameAs":["https:\/\/www.linkedin.com\/in\/rafal-szpin\/"]}]}},"_links":{"self":[{"href":"https:\/\/compacc.tax\/pl\/wp-json\/wp\/v2\/posts\/962","targetHints":{"allow":["GET"]}}],"collection":[{"href":"https:\/\/compacc.tax\/pl\/wp-json\/wp\/v2\/posts"}],"about":[{"href":"https:\/\/compacc.tax\/pl\/wp-json\/wp\/v2\/types\/post"}],"author":[{"embeddable":true,"href":"https:\/\/compacc.tax\/pl\/wp-json\/wp\/v2\/users\/3"}],"replies":[{"embeddable":true,"href":"https:\/\/compacc.tax\/pl\/wp-json\/wp\/v2\/comments?post=962"}],"version-history":[{"count":3,"href":"https:\/\/compacc.tax\/pl\/wp-json\/wp\/v2\/posts\/962\/revisions"}],"predecessor-version":[{"id":977,"href":"https:\/\/compacc.tax\/pl\/wp-json\/wp\/v2\/posts\/962\/revisions\/977"}],"wp:featuredmedia":[{"embeddable":true,"href":"https:\/\/compacc.tax\/pl\/wp-json\/wp\/v2\/media\/966"}],"wp:attachment":[{"href":"https:\/\/compacc.tax\/pl\/wp-json\/wp\/v2\/media?parent=962"}],"wp:term":[{"taxonomy":"category","embeddable":true,"href":"https:\/\/compacc.tax\/pl\/wp-json\/wp\/v2\/categories?post=962"},{"taxonomy":"post_tag","embeddable":true,"href":"https:\/\/compacc.tax\/pl\/wp-json\/wp\/v2\/tags?post=962"}],"curies":[{"name":"wp","href":"https:\/\/api.w.org\/{rel}","templated":true}]}}