{"id":939,"date":"2024-04-19T15:17:34","date_gmt":"2024-04-19T13:17:34","guid":{"rendered":"https:\/\/compacc.tax\/?p=939"},"modified":"2026-02-11T14:35:42","modified_gmt":"2026-02-11T13:35:42","slug":"skladki-zus-a-dzialalnosc-gospodarcza-w-polsce","status":"publish","type":"post","link":"https:\/\/compacc.tax\/pl\/blog\/skladki-zus-a-dzialalnosc-gospodarcza-w-polsce\/","title":{"rendered":"SK\u0141ADKI ZUS, A DZIA\u0141ALNO\u015a\u0106 GOSPODARCZA"},"content":{"rendered":"\n<p>Rozpoczynaj\u0105c w\u0142asny biznes, jednym z kluczowych aspekt\u00f3w jest zrozumienie, jak funkcjonuje system ubezpiecze\u0144 spo\u0142ecznych i zdrowotnych (ZUS) i jakie sk\u0142adki nale\u017cy op\u0142aca\u0107.<\/p>\n\n\n\n<p>Sk\u0142adki ZUS i podatek dochodowy to dwa g\u0142\u00f3wne obci\u0105\u017cenia przedsi\u0119biorc\u00f3w. O podatku dochodowym pisali\u015bmy ju\u017c <a href=\"https:\/\/compacc.tax\/pl\/blog\/formy-opodatkowania-jednoosobowej-dzialalnosci-gospodarczej-w-polsce\/\">tutaj<\/a> i warto o tym poczyta\u0107 zanim zg\u0142\u0119bi si\u0119 poni\u017cszy artyku\u0142.<br><br>Dla wielu przedsi\u0119biorc\u00f3w to nie tylko cz\u0119\u015b\u0107 codziennej rzeczywisto\u015bci, ale tak\u017ce obszar, kt\u00f3ry mo\u017ce wywo\u0142a\u0107 wiele pyta\u0144 i w\u0105tpliwo\u015bci. Czy wiesz, jakie s\u0105 rodzaje sk\u0142adek ZUS? Jakie obowi\u0105zuj\u0105 stawki? Przyjrzyjmy si\u0119 temu bli\u017cej.<\/p>\n\n\n\n<h4 class=\"wp-block-heading\"><strong>Kt\u00f3rzy przedsi\u0119biorcy musz\u0105?<\/strong><\/h4>\n\n\n\n<p>Praktycznie wszyscy, a dok\u0142adnie wszyscy \u201efizyczni\u201d przedsi\u0119biorcy, czyli prowadz\u0105cy jednoosobow\u0105 dzia\u0142alno\u015b\u0107 gospodarcz\u0105 oraz wsp\u00f3lnicy sp\u00f3\u0142ki cywilnej i sp\u00f3\u0142ek osobowych. Sk\u0142adek ZUS nie p\u0142ac\u0105 osoby prawne, czyli sp\u00f3\u0142ki kapita\u0142owe (Sp. z o.o., S. A., P. S. A) i ich wsp\u00f3lnicy (z wyj\u0105tkiem jednoosobowych sp\u00f3\u0142ek, kiedy wsp\u00f3lnik takiej sp\u00f3\u0142ki musi p\u0142aci\u0107 sk\u0142adki).<\/p>\n\n\n\n<p>Sk\u0142adki ZUS dzielimy na:<\/p>\n\n\n\n<ul class=\"wp-block-list\">\n<li>ubezpieczenia spo\u0142eczne, z kt\u00f3rych:\n<ul class=\"wp-block-list\">\n<li>ubezpieczenia emerytalne, rentowe i wypadkowe <strong>&#8211; s\u0105 obowi\u0105zkowe<\/strong>,<\/li>\n\n\n\n<li>ubezpieczenie chorobowe &#8211; <strong>jest dobrowolne<\/strong>.<\/li>\n<\/ul>\n<\/li>\n<\/ul>\n\n\n\n<ul class=\"wp-block-list\">\n<li>Fundusz Pracy (FP) i Fundusz Solidarno\u015bciowy (FS)<\/li>\n\n\n\n<li>ubezpieczenie zdrowotne.<\/li>\n<\/ul>\n\n\n\n<p><strong>Pewne wyj\u0105tki <\/strong>pozwalaj\u0105 na unikni\u0119cie niekt\u00f3rych sk\u0142adek. Gdy masz jednocze\u015bnie inne dochody z podstaw\u0105 ubezpieczenia w wysoko\u015bci co najmniej wynagrodzenia minimalnego, na przyk\u0142ad z pracy na etacie, to wtedy p\u0142acisz tylko sk\u0142adk\u0119 zdrowotn\u0105. Je\u015bli korzystasz z 2-letniej ulgi preferencyjnej albo Ma\u0142ego ZUSu Plus, o czym rozpisujemy si\u0119 w dalszej cz\u0119\u015bci, i nie masz innych dochod\u00f3w, to<strong> nie musisz<\/strong> op\u0142aca\u0107 sk\u0142adek na FP i FS.<\/p>\n\n\n\n<h4 class=\"wp-block-heading\"><strong>Do&nbsp;konkret\u00f3w. Jak to&nbsp;wygl\u0105da w&nbsp;liczbach?<\/strong><\/h4>\n\n\n\n<p>Je\u015bli nie korzystasz z ulg, musisz op\u0142aca\u0107 sk\u0142adki na ubezpieczenia spo\u0142eczne od podstawy wynosz\u0105cej co najmniej 60% przewidywanego przeci\u0119tnego wynagrodzenia miesi\u0119cznego. Minimalna podstawa, od kt\u00f3rej liczy si\u0119 sk\u0142adki w <strong>2026<\/strong> roku, wynosi: <strong>5 652,00 z\u0142<\/strong> (60% \u00d7 9 420 z\u0142).<\/p>\n\n\n\n<p>Wysoko\u015bci sk\u0142adek na ubezpieczenia emerytalne, rentowe, chorobowe i wypadkowe od minimalnej podstawy wynosz\u0105:<\/p>\n\n\n\n<ul class=\"wp-block-list\">\n<li><strong>ubezpieczenie emerytalne<\/strong> \u2013 19,52% podstawy \u2013 <strong>1 103,27 z\u0142<\/strong><\/li>\n\n\n\n<li><strong>ubezpieczenie rentowe<\/strong> \u2013 8,00% podstawy \u2013 <strong>452,16 z\u0142<\/strong><\/li>\n\n\n\n<li><strong>ubezpieczenie chorobowe<\/strong> \u2013 2,45% podstawy \u2013 <strong>138,47 z\u0142<\/strong><\/li>\n\n\n\n<li><strong>ubezpieczenie wypadkowe<\/strong> (firma do 9 os\u00f3b, 1,67%) \u2013 <strong>94,39 z\u0142<\/strong><\/li>\n<\/ul>\n\n\n\n<p>Dodatkowo sk\u0142adka na Fundusz Pracy i Fundusz Solidarno\u015bciowy \u2013 2,45% podstawy \u2013 <strong>138,47 z\u0142<\/strong><\/p>\n\n\n\n<p><strong>Razem:<\/strong><\/p>\n\n\n\n<ul class=\"wp-block-list\">\n<li><strong>bez dobrowolnego chorobowego: 1 788,29 z\u0142<\/strong><\/li>\n<\/ul>\n\n\n\n<ul class=\"wp-block-list\">\n<li><strong>pe\u0142ne sk\u0142adki spo\u0142eczne (z chorobowym, bez zdrowotnej): 1 926,76 z\u0142<\/strong><\/li>\n<\/ul>\n\n\n\n<h4 class=\"wp-block-heading\"><strong>Wiadomo ile, a czy wiadomo do kiedy?<\/strong><\/h4>\n\n\n\n<p>Przedsi\u0119biorcy p\u0142ac\u0105 sk\u0142adki ZUS w terminie <strong>do 20. dnia nast\u0119pnego miesi\u0105ca<\/strong>. W tym terminie musz\u0105 tak\u017ce z\u0142o\u017cy\u0107 deklaracj\u0119 ZUS z wyszczeg\u00f3lnieniem swoich sk\u0142adek.<\/p>\n\n\n\n<h4 class=\"wp-block-heading\"><strong>Czyli s\u0105 jakie\u015b ulgi, prawda?<\/strong><\/h4>\n\n\n\n<p>Ka\u017cdy przedsi\u0119biorca mo\u017ce na pocz\u0105tku swojej dzia\u0142alno\u015bci skorzysta\u0107 z dw\u00f3ch ulg. Pierwsza z nich to <strong>&#8222;Ulga na start&#8221;<\/strong> &#8211; daje ona zwolnienie przez <strong>sze\u015b\u0107 pe\u0142nych miesi\u0119cy<\/strong> po rozpocz\u0119ciu dzia\u0142alno\u015bci z sk\u0142adek spo\u0142ecznych, a tak\u017ce sk\u0142adek na Fundusz Pracy i Fundusz Solidarno\u015bciowy. A wi\u0119c, korzystaj\u0105c z niej b\u0119dziesz p\u0142aci\u0107 przez&nbsp;<strong>sze\u015b\u0107 pe\u0142nych miesi\u0119cy<\/strong>&nbsp;wy\u0142\u0105cznie sk\u0142adki na ubezpieczenie zdrowotne.<\/p>\n\n\n\n<p><strong>Uwaga!<\/strong> Do ulgi na start liczy si\u0119 sze\u015b\u0107 pe\u0142nych miesi\u0119cy. Oznacza to, \u017ce je\u017celi za\u0142o\u017cysz dzia\u0142alno\u015b\u0107 gospodarcz\u0105 <strong>w trakcie miesi\u0105ca, nie pierwszego dnia<\/strong>, to ten pierwszy miesi\u0105c <strong>nie b\u0119dzie liczony jako pe\u0142ny<\/strong>. W tej sytuacji dopiero nast\u0119pne sze\u015b\u0107 pe\u0142nych miesi\u0119cy b\u0119dzie liczone.<br><br>Dlatego w praktyce jest mo\u017cliwe korzystanie z tej ulgi prawie, \u017ce przez <strong>siedem miesi\u0119cy<\/strong>. Wystarczy tylko za\u0142o\u017cy\u0107 dzia\u0142alno\u015b\u0107 drugiego dnia miesi\u0105ca.<\/p>\n\n\n\n<h4 class=\"wp-block-heading\"><strong>Co dalej?<\/strong><\/h4>\n\n\n\n<p>Po wykorzystaniu ulgi na start mo\u017cesz skorzysta\u0107 z kolejnej, czyli tzw. <strong>preferencyjnych sk\u0142adek<\/strong>. Ulga ta przys\u0142uguje przez <strong>24 miesi\u0105ce<\/strong> i polega na tym, \u017ce <strong>podstawa Twoich sk\u0142adek spo\u0142ecznych wynosi 30% minimalnego wynagrodzenia<\/strong>, zamiast 60% przeci\u0119tnego wynagrodzenia. Oznacza to po prostu, \u017ce sk\u0142adki s\u0105 du\u017co ni\u017csze.<\/p>\n\n\n\n<p><strong>Minimalne wynagrodzenie w 2026 roku wynosi 4 806 z\u0142.<\/strong><\/p>\n\n\n\n<p>Podstawa preferencyjnych sk\u0142adek: <strong>30% \u00d7 4 806 z\u0142 = 1 441,80 z\u0142<\/strong><\/p>\n\n\n\n<p><strong>Prezentuj\u0105 si\u0119 one nast\u0119puj\u0105co:<\/strong><\/p>\n\n\n\n<ul class=\"wp-block-list\">\n<li><strong>281,43 z\u0142<\/strong> \u2013 na ubezpieczenie emerytalne (19,52%)<\/li>\n\n\n\n<li><strong>115,34 z\u0142<\/strong> \u2013 na ubezpieczenie rentowe (8,00%)<\/li>\n\n\n\n<li><strong>35,33 z\u0142<\/strong> \u2013 na ubezpieczenie chorobowe (2,45%)<\/li>\n\n\n\n<li><strong>24,07 z\u0142<\/strong> \u2013 na ubezpieczenie wypadkowe (1,67%)<\/li>\n<\/ul>\n\n\n\n<p><strong>\u0141\u0105cznie:<\/strong> <strong>456,17 z\u0142<\/strong> <em>(bez sk\u0142adki na ubezpieczenie zdrowotne)<\/em><\/p>\n\n\n\n<h4 class=\"wp-block-heading\"><strong>Teraz kilka s\u0142\u00f3w o Ma\u0142y ZUS Plus<\/strong><\/h4>\n\n\n\n<p>Ma\u0142y ZUS Plus to kolejna ulga, ale ju\u017c <strong>dost\u0119pna dla wszystkich<\/strong>, pod pewnymi warunkami, <strong>a nie tylko dla nowych przedsi\u0119biorc\u00f3w<\/strong>. Jest system ni\u017cszych, proporcjonalnych do dochodu, sk\u0142adek na ubezpieczenia spo\u0142eczne, dost\u0119pny <strong>dla najmniejszych przedsi\u0119biorc\u00f3w<\/strong>.<\/p>\n\n\n\n<p>Skorzysta\u0107 z tej ulgi mog\u0105 przedsi\u0119biorcy, kt\u00f3rych przych\u00f3d w poprzednim roku z dzia\u0142alno\u015bci gospodarczej <strong>nie przekroczy\u0142 120 tys. z\u0142 <\/strong>oraz prowadzili j\u0105 przez <strong>co najmniej 60 dni<\/strong> <strong>w poprzednim roku.<\/strong><\/p>\n\n\n\n<p>Przy Ma\u0142ym ZUS Plus <strong>podstawa wymiaru<\/strong> sk\u0142adek:<\/p>\n\n\n\n<ul class=\"wp-block-list\">\n<li><strong>nie <\/strong>mo\u017ce by\u0107 <strong>ni\u017csza ni\u017c 30% <\/strong>kwoty minimalnego wynagrodzenia, czyli jak w uldze preferencyjnej i<\/li>\n\n\n\n<li><strong>nie<\/strong> mo\u017ce by\u0107 <strong>wy\u017csza ni\u017c 60%<\/strong> prognozowanego przeci\u0119tnego wynagrodzenia miesi\u0119cznego, czyli jak w normalnych sk\u0142adkach.<\/li>\n<\/ul>\n\n\n\n<p>Oznacza to, \u017ce Ma\u0142y ZUS Plus, to ulga pomi\u0119dzy sk\u0142adkami preferencyjnymi a standardowymi.<\/p>\n\n\n\n<p><strong>Porozmawiajmy finalnie o sk\u0142adce na ubezpieczenie zdrowotne<\/strong><\/p>\n\n\n\n<p>Wysoko\u015b\u0107 sk\u0142adki zdrowotnej zale\u017cy od formy opodatkowania i wysoko\u015bci dochod\u00f3w:<\/p>\n\n\n\n<ol start=\"1\" class=\"wp-block-list\">\n<li>Je\u015bli rozliczasz si\u0119 z podatku dochodowego na zasadach skali podatkowej (12% \/ 32%), sk\u0142adka na ubezpieczenie zdrowotne wynosi 9% dochodu z dzia\u0142alno\u015bci gospodarczej.<\/li>\n\n\n\n<li>Je\u015bli op\u0142acasz podatek dochodowy od os\u00f3b fizycznych w formie podatku liniowego (19%), sk\u0142adka zdrowotna wynosi 4,9% Twojego dochodu.<\/li>\n<\/ol>\n\n\n\n<p><strong>Warto pami\u0119ta\u0107!<\/strong> Je\u015bli rozliczasz si\u0119 wed\u0142ug skali podatkowej lub podatku liniowego, a Tw\u00f3j doch\u00f3d w danym miesi\u0105cu jest niski lub zerowy, obowi\u0105zuje minimalna sk\u0142adka zdrowotna, liczona od 100% minimalnego wynagrodzenia.<\/p>\n\n\n\n<p>Minimalne wynagrodzenie w 2026 roku wynosi 4 806 z\u0142, co oznacza minimaln\u0105 sk\u0142adk\u0119 zdrowotn\u0105 w wysoko\u015bci: 432,54 z\u0142 miesi\u0119cznie (4 806 z\u0142 \u00d7 9%)<\/p>\n\n\n\n<p>Je\u015bli rozliczasz podatek dochodowy rycza\u0142tem od przychod\u00f3w ewidencjonowanych, Twoja miesi\u0119czna sk\u0142adka zdrowotna zale\u017cy od rocznych przychod\u00f3w i jest ustalana w 3 progach (opartych na przeci\u0119tnym wynagrodzeniu).<\/p>\n\n\n\n<p>W 2026 roku wygl\u0105da to nast\u0119puj\u0105co:<\/p>\n\n\n\n<ul class=\"wp-block-list\">\n<li>poni\u017cej 60 tys. z\u0142 \u2013 <strong>496,68 z\u0142<\/strong><\/li>\n\n\n\n<li>od 60 tys. z\u0142 do 300 tys. z\u0142 \u2013 <strong>827,80 z\u0142<\/strong><\/li>\n\n\n\n<li>powy\u017cej 300 tys. z\u0142 \u2013 <strong>1 490,04 z\u0142<\/strong><\/li>\n<\/ul>\n\n\n\n<h4 class=\"wp-block-heading\"><strong>Masz obowi\u0105zek&nbsp;rocznego rozliczenia sk\u0142adki zdrowotnej<\/strong><\/h4>\n\n\n\n<p><strong>Roczna podstawa sk\u0142adki zdrowotnej<\/strong> to doch\u00f3d z dzia\u0142alno\u015bci gospodarczej za dany rok, kt\u00f3ry jest r\u00f3\u017cnic\u0105 mi\u0119dzy przychodami, a ich kosztami, po odj\u0119ciu sk\u0142adek na ubezpieczenia spo\u0142eczne, je\u015bli nie by\u0142y one ju\u017c zaliczone do koszt\u00f3w.<\/p>\n\n\n\n<p>Je\u015bli po rozliczeniu rocznym oka\u017ce si\u0119, \u017ce:<\/p>\n\n\n\n<ul class=\"wp-block-list\">\n<li>zap\u0142aci\u0142e\u015b wy\u017csze sk\u0142adki zdrowotne ni\u017c ustalona roczna sk\u0142adka na ubezpieczenie zdrowotne &#8211; <strong>mo\u017cesz ubiega\u0107 si\u0119 o zwrot nadp\u0142aty<\/strong>,<\/li>\n\n\n\n<li>kwota wp\u0142aconych przez ciebie sk\u0142adek na ubezpieczenie zdrowotne jest ni\u017csza ni\u017c roczna sk\u0142adka &#8211; <strong>musisz dop\u0142aci\u0107 r\u00f3\u017cnic\u0119.<\/strong><\/li>\n<\/ul>\n\n\n\n<p>Dla przedsi\u0119biorc\u00f3w rozliczaj\u0105cych si\u0119 na skali podatkowej lub podatku liniowym, je\u015bli roczna podstawa wymiaru sk\u0142adki na ubezpieczenie zdrowotne <strong>b\u0119dzie ni\u017csza <\/strong>ni\u017c iloczyn liczby miesi\u0119cy obj\u0119tych ubezpieczeniem i minimalnego wynagrodzenia, to stosuje si\u0119 <strong>minimaln\u0105 roczn\u0105 podstaw\u0119<\/strong> wymiaru sk\u0142adek.<\/p>\n\n\n\n<h4 class=\"wp-block-heading\"><strong>Ca\u0142kiem tego sporo, ale ju\u017c na koniec<\/strong><\/h4>\n\n\n\n<p>Jak wida\u0107, nie jest to wszystko proste i lepiej odda\u0107 takie sprawy w r\u0119ce specjalist\u00f3w, kt\u00f3rzy maj\u0105 do\u015bwiadczenie i zapewni\u0105, \u017ce wszystko b\u0119dzie rozliczone prawid\u0142owo.<\/p>\n\n\n\n<p><strong>To w\u0142a\u015bnie my!<\/strong> Z przyjemno\u015bci\u0105 s\u0142u\u017cymy pomoc\u0105 w takich sprawach, ch\u0119tnie troszcz\u0105c si\u0119 o stabilno\u015b\u0107 Twojej dzia\u0142alno\u015bci i nie tylko. Nasze do\u015bwiadczenie pozwala zapewni\u0107 spok\u00f3j naszym klientom, kt\u00f3rzy mog\u0105 skupi\u0107 si\u0119 na rozwoju swoich biznes\u00f3w.<\/p>\n\n\n\n<p>Potrzebujesz za\u0142o\u017cy\u0107 dzia\u0142alno\u015b\u0107 gospodarcz\u0105 i nie chcesz mierzy\u0107 si\u0119 z tym wszystkim sam? Nie ma problemu, wystarczy, \u017ce skontaktujesz si\u0119 z nami, a przekonasz si\u0119, \u017ce nie b\u0119dziesz musia\u0142 si\u0119 w og\u00f3le takimi rzeczami przejmowa\u0107!<\/p>\n\n\n\n<p>Wi\u0119cej o sk\u0142adkach ZUS w dzia\u0142alno\u015bci gospodarczej mo\u017cna przeczyta\u0107 <a href=\"https:\/\/www.biznes.gov.pl\/pl\/portal\/00274\">tutaj<\/a>.<br><br><em>Zaktualizowano 24.01.2025<\/em><\/p>\n","protected":false},"excerpt":{"rendered":"<p>Nieod\u0142\u0105czn\u0105 cz\u0119\u015bci\u0105 ka\u017cdego przedsi\u0119biorcy s\u0105 op\u0142aty. Zobacz co musisz wiedzie\u0107 o sk\u0142adkach ZUS prowadz\u0105c dzia\u0142alno\u015b\u0107 gospodarcz\u0105 w Polsce.<\/p>\n","protected":false},"author":3,"featured_media":956,"comment_status":"open","ping_status":"open","sticky":false,"template":"","format":"standard","meta":{"footnotes":""},"categories":[25],"tags":[28,83,84,26,34,85],"class_list":["post-939","post","type-post","status-publish","format-standard","has-post-thumbnail","hentry","category-zuspl","tag-bizneswpolsce","tag-dg","tag-dzialalnoscgospodarcza","tag-firma","tag-podatki","tag-skladkizus"],"yoast_head":"<!-- This site is optimized with the Yoast SEO plugin v27.4 - https:\/\/yoast.com\/product\/yoast-seo-wordpress\/ -->\n<title>Sk\u0142adki ZUS w dzia\u0142alno\u015bci gospodarczej - poznaj konkrety!<\/title>\n<meta name=\"description\" content=\"Nieod\u0142\u0105czn\u0105 cz\u0119\u015bci\u0105 ka\u017cdego przedsi\u0119biorcy s\u0105 op\u0142aty. Zobacz co musisz wiedzie\u0107 o sk\u0142adkach ZUS prowadz\u0105c dzia\u0142alno\u015b\u0107 gospodarcz\u0105 w Polsce.\" \/>\n<meta name=\"robots\" content=\"index, follow, max-snippet:-1, max-image-preview:large, max-video-preview:-1\" \/>\n<link rel=\"canonical\" href=\"https:\/\/compacc.tax\/pl\/blog\/skladki-zus-a-dzialalnosc-gospodarcza-w-polsce\/\" \/>\n<meta property=\"og:locale\" content=\"pl_PL\" \/>\n<meta property=\"og:type\" content=\"article\" \/>\n<meta property=\"og:title\" content=\"Sk\u0142adki ZUS w dzia\u0142alno\u015bci gospodarczej - poznaj konkrety!\" \/>\n<meta property=\"og:description\" content=\"Nieod\u0142\u0105czn\u0105 cz\u0119\u015bci\u0105 ka\u017cdego przedsi\u0119biorcy s\u0105 op\u0142aty. Zobacz co musisz wiedzie\u0107 o sk\u0142adkach ZUS prowadz\u0105c dzia\u0142alno\u015b\u0107 gospodarcz\u0105 w Polsce.\" \/>\n<meta property=\"og:url\" content=\"https:\/\/compacc.tax\/pl\/blog\/skladki-zus-a-dzialalnosc-gospodarcza-w-polsce\/\" \/>\n<meta property=\"og:site_name\" content=\"Compacc: Complete Accountant\" \/>\n<meta property=\"article:published_time\" content=\"2024-04-19T13:17:34+00:00\" \/>\n<meta property=\"article:modified_time\" content=\"2026-02-11T13:35:42+00:00\" \/>\n<meta property=\"og:image\" content=\"https:\/\/compacc.tax\/wp-content\/uploads\/2024\/04\/SKLADKI-ZUS-W-DZIALALNOSCI-GOSPODARCZEJ-W-POLSCE.png\" \/>\n\t<meta property=\"og:image:width\" content=\"2240\" \/>\n\t<meta property=\"og:image:height\" content=\"1260\" \/>\n\t<meta property=\"og:image:type\" content=\"image\/png\" \/>\n<meta name=\"author\" content=\"Rafal Szpin\" \/>\n<meta name=\"twitter:card\" content=\"summary_large_image\" \/>\n<meta name=\"twitter:label1\" content=\"Napisane przez\" \/>\n\t<meta name=\"twitter:data1\" content=\"Rafal Szpin\" \/>\n\t<meta name=\"twitter:label2\" content=\"Szacowany czas czytania\" \/>\n\t<meta name=\"twitter:data2\" content=\"7 minut\" \/>\n<script type=\"application\/ld+json\" class=\"yoast-schema-graph\">{\"@context\":\"https:\\\/\\\/schema.org\",\"@graph\":[{\"@type\":\"Article\",\"@id\":\"https:\\\/\\\/compacc.tax\\\/pl\\\/blog\\\/skladki-zus-a-dzialalnosc-gospodarcza-w-polsce\\\/#article\",\"isPartOf\":{\"@id\":\"https:\\\/\\\/compacc.tax\\\/pl\\\/blog\\\/skladki-zus-a-dzialalnosc-gospodarcza-w-polsce\\\/\"},\"author\":{\"name\":\"Rafal Szpin\",\"@id\":\"https:\\\/\\\/compacc.tax\\\/pl\\\/#\\\/schema\\\/person\\\/26111696fced602b9032ff4eb4e9c0b2\"},\"headline\":\"SK\u0141ADKI ZUS, A DZIA\u0141ALNO\u015a\u0106 GOSPODARCZA\",\"datePublished\":\"2024-04-19T13:17:34+00:00\",\"dateModified\":\"2026-02-11T13:35:42+00:00\",\"mainEntityOfPage\":{\"@id\":\"https:\\\/\\\/compacc.tax\\\/pl\\\/blog\\\/skladki-zus-a-dzialalnosc-gospodarcza-w-polsce\\\/\"},\"wordCount\":1353,\"commentCount\":0,\"publisher\":{\"@id\":\"https:\\\/\\\/compacc.tax\\\/pl\\\/#organization\"},\"image\":{\"@id\":\"https:\\\/\\\/compacc.tax\\\/pl\\\/blog\\\/skladki-zus-a-dzialalnosc-gospodarcza-w-polsce\\\/#primaryimage\"},\"thumbnailUrl\":\"https:\\\/\\\/compacc.tax\\\/wp-content\\\/uploads\\\/2024\\\/04\\\/SKLADKI-ZUS-W-DZIALALNOSCI-GOSPODARCZEJ-W-POLSCE.png\",\"keywords\":[\"bizneswPolsce\",\"DG\",\"dzia\u0142alno\u015b\u0107gospodarcza\",\"firma\",\"podatki\",\"sk\u0142adkiZUS\"],\"articleSection\":[\"ZUS\"],\"inLanguage\":\"pl-PL\"},{\"@type\":\"WebPage\",\"@id\":\"https:\\\/\\\/compacc.tax\\\/pl\\\/blog\\\/skladki-zus-a-dzialalnosc-gospodarcza-w-polsce\\\/\",\"url\":\"https:\\\/\\\/compacc.tax\\\/pl\\\/blog\\\/skladki-zus-a-dzialalnosc-gospodarcza-w-polsce\\\/\",\"name\":\"Sk\u0142adki ZUS w dzia\u0142alno\u015bci gospodarczej - poznaj konkrety!\",\"isPartOf\":{\"@id\":\"https:\\\/\\\/compacc.tax\\\/pl\\\/#website\"},\"primaryImageOfPage\":{\"@id\":\"https:\\\/\\\/compacc.tax\\\/pl\\\/blog\\\/skladki-zus-a-dzialalnosc-gospodarcza-w-polsce\\\/#primaryimage\"},\"image\":{\"@id\":\"https:\\\/\\\/compacc.tax\\\/pl\\\/blog\\\/skladki-zus-a-dzialalnosc-gospodarcza-w-polsce\\\/#primaryimage\"},\"thumbnailUrl\":\"https:\\\/\\\/compacc.tax\\\/wp-content\\\/uploads\\\/2024\\\/04\\\/SKLADKI-ZUS-W-DZIALALNOSCI-GOSPODARCZEJ-W-POLSCE.png\",\"datePublished\":\"2024-04-19T13:17:34+00:00\",\"dateModified\":\"2026-02-11T13:35:42+00:00\",\"description\":\"Nieod\u0142\u0105czn\u0105 cz\u0119\u015bci\u0105 ka\u017cdego przedsi\u0119biorcy s\u0105 op\u0142aty. Zobacz co musisz wiedzie\u0107 o sk\u0142adkach ZUS prowadz\u0105c dzia\u0142alno\u015b\u0107 gospodarcz\u0105 w Polsce.\",\"breadcrumb\":{\"@id\":\"https:\\\/\\\/compacc.tax\\\/pl\\\/blog\\\/skladki-zus-a-dzialalnosc-gospodarcza-w-polsce\\\/#breadcrumb\"},\"inLanguage\":\"pl-PL\",\"potentialAction\":[{\"@type\":\"ReadAction\",\"target\":[\"https:\\\/\\\/compacc.tax\\\/pl\\\/blog\\\/skladki-zus-a-dzialalnosc-gospodarcza-w-polsce\\\/\"]}]},{\"@type\":\"ImageObject\",\"inLanguage\":\"pl-PL\",\"@id\":\"https:\\\/\\\/compacc.tax\\\/pl\\\/blog\\\/skladki-zus-a-dzialalnosc-gospodarcza-w-polsce\\\/#primaryimage\",\"url\":\"https:\\\/\\\/compacc.tax\\\/wp-content\\\/uploads\\\/2024\\\/04\\\/SKLADKI-ZUS-W-DZIALALNOSCI-GOSPODARCZEJ-W-POLSCE.png\",\"contentUrl\":\"https:\\\/\\\/compacc.tax\\\/wp-content\\\/uploads\\\/2024\\\/04\\\/SKLADKI-ZUS-W-DZIALALNOSCI-GOSPODARCZEJ-W-POLSCE.png\",\"width\":2240,\"height\":1260,\"caption\":\"SK\u0141ADKI ZUS W DZIA\u0141ALNO\u015aCI GOSPODARCZEJ W POLSCE\"},{\"@type\":\"BreadcrumbList\",\"@id\":\"https:\\\/\\\/compacc.tax\\\/pl\\\/blog\\\/skladki-zus-a-dzialalnosc-gospodarcza-w-polsce\\\/#breadcrumb\",\"itemListElement\":[{\"@type\":\"ListItem\",\"position\":1,\"name\":\"Strona g\u0142\u00f3wna\",\"item\":\"https:\\\/\\\/compacc.tax\\\/pl\\\/\"},{\"@type\":\"ListItem\",\"position\":2,\"name\":\"SK\u0141ADKI ZUS, A DZIA\u0141ALNO\u015a\u0106 GOSPODARCZA\"}]},{\"@type\":\"WebSite\",\"@id\":\"https:\\\/\\\/compacc.tax\\\/pl\\\/#website\",\"url\":\"https:\\\/\\\/compacc.tax\\\/pl\\\/\",\"name\":\"CompAcc: Complete Accountant\",\"description\":\"\",\"publisher\":{\"@id\":\"https:\\\/\\\/compacc.tax\\\/pl\\\/#organization\"},\"potentialAction\":[{\"@type\":\"SearchAction\",\"target\":{\"@type\":\"EntryPoint\",\"urlTemplate\":\"https:\\\/\\\/compacc.tax\\\/pl\\\/?s={search_term_string}\"},\"query-input\":{\"@type\":\"PropertyValueSpecification\",\"valueRequired\":true,\"valueName\":\"search_term_string\"}}],\"inLanguage\":\"pl-PL\"},{\"@type\":\"Organization\",\"@id\":\"https:\\\/\\\/compacc.tax\\\/pl\\\/#organization\",\"name\":\"Compacc Tax\",\"url\":\"https:\\\/\\\/compacc.tax\\\/pl\\\/\",\"logo\":{\"@type\":\"ImageObject\",\"inLanguage\":\"pl-PL\",\"@id\":\"https:\\\/\\\/compacc.tax\\\/pl\\\/#\\\/schema\\\/logo\\\/image\\\/\",\"url\":\"https:\\\/\\\/compacc.tax\\\/wp-content\\\/uploads\\\/2023\\\/12\\\/compacc-logo.svg\",\"contentUrl\":\"https:\\\/\\\/compacc.tax\\\/wp-content\\\/uploads\\\/2023\\\/12\\\/compacc-logo.svg\",\"width\":141,\"height\":37,\"caption\":\"Compacc Tax\"},\"image\":{\"@id\":\"https:\\\/\\\/compacc.tax\\\/pl\\\/#\\\/schema\\\/logo\\\/image\\\/\"}},{\"@type\":\"Person\",\"@id\":\"https:\\\/\\\/compacc.tax\\\/pl\\\/#\\\/schema\\\/person\\\/26111696fced602b9032ff4eb4e9c0b2\",\"name\":\"Rafal Szpin\",\"description\":\"Founder and CEO\",\"sameAs\":[\"https:\\\/\\\/www.linkedin.com\\\/in\\\/rafal-szpin\\\/\"]}]}<\/script>\n<!-- \/ Yoast SEO plugin. -->","yoast_head_json":{"title":"Sk\u0142adki ZUS w dzia\u0142alno\u015bci gospodarczej - poznaj konkrety!","description":"Nieod\u0142\u0105czn\u0105 cz\u0119\u015bci\u0105 ka\u017cdego przedsi\u0119biorcy s\u0105 op\u0142aty. Zobacz co musisz wiedzie\u0107 o sk\u0142adkach ZUS prowadz\u0105c dzia\u0142alno\u015b\u0107 gospodarcz\u0105 w Polsce.","robots":{"index":"index","follow":"follow","max-snippet":"max-snippet:-1","max-image-preview":"max-image-preview:large","max-video-preview":"max-video-preview:-1"},"canonical":"https:\/\/compacc.tax\/pl\/blog\/skladki-zus-a-dzialalnosc-gospodarcza-w-polsce\/","og_locale":"pl_PL","og_type":"article","og_title":"Sk\u0142adki ZUS w dzia\u0142alno\u015bci gospodarczej - poznaj konkrety!","og_description":"Nieod\u0142\u0105czn\u0105 cz\u0119\u015bci\u0105 ka\u017cdego przedsi\u0119biorcy s\u0105 op\u0142aty. Zobacz co musisz wiedzie\u0107 o sk\u0142adkach ZUS prowadz\u0105c dzia\u0142alno\u015b\u0107 gospodarcz\u0105 w Polsce.","og_url":"https:\/\/compacc.tax\/pl\/blog\/skladki-zus-a-dzialalnosc-gospodarcza-w-polsce\/","og_site_name":"Compacc: Complete Accountant","article_published_time":"2024-04-19T13:17:34+00:00","article_modified_time":"2026-02-11T13:35:42+00:00","og_image":[{"width":2240,"height":1260,"url":"https:\/\/compacc.tax\/wp-content\/uploads\/2024\/04\/SKLADKI-ZUS-W-DZIALALNOSCI-GOSPODARCZEJ-W-POLSCE.png","type":"image\/png"}],"author":"Rafal Szpin","twitter_card":"summary_large_image","twitter_misc":{"Napisane przez":"Rafal Szpin","Szacowany czas czytania":"7 minut"},"schema":{"@context":"https:\/\/schema.org","@graph":[{"@type":"Article","@id":"https:\/\/compacc.tax\/pl\/blog\/skladki-zus-a-dzialalnosc-gospodarcza-w-polsce\/#article","isPartOf":{"@id":"https:\/\/compacc.tax\/pl\/blog\/skladki-zus-a-dzialalnosc-gospodarcza-w-polsce\/"},"author":{"name":"Rafal Szpin","@id":"https:\/\/compacc.tax\/pl\/#\/schema\/person\/26111696fced602b9032ff4eb4e9c0b2"},"headline":"SK\u0141ADKI ZUS, A DZIA\u0141ALNO\u015a\u0106 GOSPODARCZA","datePublished":"2024-04-19T13:17:34+00:00","dateModified":"2026-02-11T13:35:42+00:00","mainEntityOfPage":{"@id":"https:\/\/compacc.tax\/pl\/blog\/skladki-zus-a-dzialalnosc-gospodarcza-w-polsce\/"},"wordCount":1353,"commentCount":0,"publisher":{"@id":"https:\/\/compacc.tax\/pl\/#organization"},"image":{"@id":"https:\/\/compacc.tax\/pl\/blog\/skladki-zus-a-dzialalnosc-gospodarcza-w-polsce\/#primaryimage"},"thumbnailUrl":"https:\/\/compacc.tax\/wp-content\/uploads\/2024\/04\/SKLADKI-ZUS-W-DZIALALNOSCI-GOSPODARCZEJ-W-POLSCE.png","keywords":["bizneswPolsce","DG","dzia\u0142alno\u015b\u0107gospodarcza","firma","podatki","sk\u0142adkiZUS"],"articleSection":["ZUS"],"inLanguage":"pl-PL"},{"@type":"WebPage","@id":"https:\/\/compacc.tax\/pl\/blog\/skladki-zus-a-dzialalnosc-gospodarcza-w-polsce\/","url":"https:\/\/compacc.tax\/pl\/blog\/skladki-zus-a-dzialalnosc-gospodarcza-w-polsce\/","name":"Sk\u0142adki ZUS w dzia\u0142alno\u015bci gospodarczej - poznaj konkrety!","isPartOf":{"@id":"https:\/\/compacc.tax\/pl\/#website"},"primaryImageOfPage":{"@id":"https:\/\/compacc.tax\/pl\/blog\/skladki-zus-a-dzialalnosc-gospodarcza-w-polsce\/#primaryimage"},"image":{"@id":"https:\/\/compacc.tax\/pl\/blog\/skladki-zus-a-dzialalnosc-gospodarcza-w-polsce\/#primaryimage"},"thumbnailUrl":"https:\/\/compacc.tax\/wp-content\/uploads\/2024\/04\/SKLADKI-ZUS-W-DZIALALNOSCI-GOSPODARCZEJ-W-POLSCE.png","datePublished":"2024-04-19T13:17:34+00:00","dateModified":"2026-02-11T13:35:42+00:00","description":"Nieod\u0142\u0105czn\u0105 cz\u0119\u015bci\u0105 ka\u017cdego przedsi\u0119biorcy s\u0105 op\u0142aty. Zobacz co musisz wiedzie\u0107 o sk\u0142adkach ZUS prowadz\u0105c dzia\u0142alno\u015b\u0107 gospodarcz\u0105 w Polsce.","breadcrumb":{"@id":"https:\/\/compacc.tax\/pl\/blog\/skladki-zus-a-dzialalnosc-gospodarcza-w-polsce\/#breadcrumb"},"inLanguage":"pl-PL","potentialAction":[{"@type":"ReadAction","target":["https:\/\/compacc.tax\/pl\/blog\/skladki-zus-a-dzialalnosc-gospodarcza-w-polsce\/"]}]},{"@type":"ImageObject","inLanguage":"pl-PL","@id":"https:\/\/compacc.tax\/pl\/blog\/skladki-zus-a-dzialalnosc-gospodarcza-w-polsce\/#primaryimage","url":"https:\/\/compacc.tax\/wp-content\/uploads\/2024\/04\/SKLADKI-ZUS-W-DZIALALNOSCI-GOSPODARCZEJ-W-POLSCE.png","contentUrl":"https:\/\/compacc.tax\/wp-content\/uploads\/2024\/04\/SKLADKI-ZUS-W-DZIALALNOSCI-GOSPODARCZEJ-W-POLSCE.png","width":2240,"height":1260,"caption":"SK\u0141ADKI ZUS W DZIA\u0141ALNO\u015aCI GOSPODARCZEJ W POLSCE"},{"@type":"BreadcrumbList","@id":"https:\/\/compacc.tax\/pl\/blog\/skladki-zus-a-dzialalnosc-gospodarcza-w-polsce\/#breadcrumb","itemListElement":[{"@type":"ListItem","position":1,"name":"Strona g\u0142\u00f3wna","item":"https:\/\/compacc.tax\/pl\/"},{"@type":"ListItem","position":2,"name":"SK\u0141ADKI ZUS, A DZIA\u0141ALNO\u015a\u0106 GOSPODARCZA"}]},{"@type":"WebSite","@id":"https:\/\/compacc.tax\/pl\/#website","url":"https:\/\/compacc.tax\/pl\/","name":"CompAcc: Complete Accountant","description":"","publisher":{"@id":"https:\/\/compacc.tax\/pl\/#organization"},"potentialAction":[{"@type":"SearchAction","target":{"@type":"EntryPoint","urlTemplate":"https:\/\/compacc.tax\/pl\/?s={search_term_string}"},"query-input":{"@type":"PropertyValueSpecification","valueRequired":true,"valueName":"search_term_string"}}],"inLanguage":"pl-PL"},{"@type":"Organization","@id":"https:\/\/compacc.tax\/pl\/#organization","name":"Compacc Tax","url":"https:\/\/compacc.tax\/pl\/","logo":{"@type":"ImageObject","inLanguage":"pl-PL","@id":"https:\/\/compacc.tax\/pl\/#\/schema\/logo\/image\/","url":"https:\/\/compacc.tax\/wp-content\/uploads\/2023\/12\/compacc-logo.svg","contentUrl":"https:\/\/compacc.tax\/wp-content\/uploads\/2023\/12\/compacc-logo.svg","width":141,"height":37,"caption":"Compacc Tax"},"image":{"@id":"https:\/\/compacc.tax\/pl\/#\/schema\/logo\/image\/"}},{"@type":"Person","@id":"https:\/\/compacc.tax\/pl\/#\/schema\/person\/26111696fced602b9032ff4eb4e9c0b2","name":"Rafal Szpin","description":"Founder and CEO","sameAs":["https:\/\/www.linkedin.com\/in\/rafal-szpin\/"]}]}},"_links":{"self":[{"href":"https:\/\/compacc.tax\/pl\/wp-json\/wp\/v2\/posts\/939","targetHints":{"allow":["GET"]}}],"collection":[{"href":"https:\/\/compacc.tax\/pl\/wp-json\/wp\/v2\/posts"}],"about":[{"href":"https:\/\/compacc.tax\/pl\/wp-json\/wp\/v2\/types\/post"}],"author":[{"embeddable":true,"href":"https:\/\/compacc.tax\/pl\/wp-json\/wp\/v2\/users\/3"}],"replies":[{"embeddable":true,"href":"https:\/\/compacc.tax\/pl\/wp-json\/wp\/v2\/comments?post=939"}],"version-history":[{"count":5,"href":"https:\/\/compacc.tax\/pl\/wp-json\/wp\/v2\/posts\/939\/revisions"}],"predecessor-version":[{"id":1447,"href":"https:\/\/compacc.tax\/pl\/wp-json\/wp\/v2\/posts\/939\/revisions\/1447"}],"wp:featuredmedia":[{"embeddable":true,"href":"https:\/\/compacc.tax\/pl\/wp-json\/wp\/v2\/media\/956"}],"wp:attachment":[{"href":"https:\/\/compacc.tax\/pl\/wp-json\/wp\/v2\/media?parent=939"}],"wp:term":[{"taxonomy":"category","embeddable":true,"href":"https:\/\/compacc.tax\/pl\/wp-json\/wp\/v2\/categories?post=939"},{"taxonomy":"post_tag","embeddable":true,"href":"https:\/\/compacc.tax\/pl\/wp-json\/wp\/v2\/tags?post=939"}],"curies":[{"name":"wp","href":"https:\/\/api.w.org\/{rel}","templated":true}]}}