{"id":806,"date":"2024-01-30T13:52:43","date_gmt":"2024-01-30T12:52:43","guid":{"rendered":"https:\/\/compacc.tax\/?p=806"},"modified":"2025-02-27T14:22:55","modified_gmt":"2025-02-27T13:22:55","slug":"spolka-z-o-o-w-polsce","status":"publish","type":"post","link":"https:\/\/compacc.tax\/pl\/blog\/spolka-z-o-o-w-polsce\/","title":{"rendered":"SP\u00d3\u0141KA Z O.O. W POLSCE. O CZYM MUSISZ PAMI\u0118TA\u0106?"},"content":{"rendered":"\n<p>Sp\u00f3\u0142k\u0119 z o.o. w Polsce mo\u017ce za\u0142o\u017cy\u0107 ka\u017cdy, bez wzgl\u0119du na obywatelstwo i rodzaj pobytu w Polsce. W innych przypadkach nie jest tak swobodnie, szczeg\u00f3lnie w przypadku jednoosobowej dzia\u0142alno\u015bci gospodarczej. Je\u017celi jest to zatem jedyna mo\u017cliwo\u015b\u0107 prowadzenia biznesu dla Ciebie, to zapoznanie si\u0119 z tym artyku\u0142em jest konieczno\u015bci\u0105.<\/p>\n\n\n\n<p>To, czy faktycznie tak jest, dowiesz si\u0119 z tego <a href=\"https:\/\/compacc.tax\/pl\/blog\/otwarcie-firmy-w-polsce-przez-obcokrajowca\/\">artyku\u0142u<\/a>.<\/p>\n\n\n\n<h4 class=\"wp-block-heading\"><strong>Mo\u017ce zacznijmy spokojnie \u2013 Czym jest sp\u00f3\u0142ka z o. o.?<\/strong><\/h4>\n\n\n\n<p>Sp\u00f3\u0142ka z ograniczon\u0105 odpowiedzialno\u015bci\u0105, skr\u00f3towo nazywana sp. z o.o., to cz\u0119sto wybierana forma prawna prowadzenia biznesu.<br>Takie sp\u00f3\u0142ki nale\u017c\u0105 do kategorii handlowych i kapita\u0142owych. Zasady ich funkcjonowania i dzia\u0142ania s\u0105 precyzyjnie okre\u015blone w polskim Kodeksie Sp\u00f3\u0142ek Handlowych.<\/p>\n\n\n\n<p>Sp\u00f3\u0142ka z o.o. zazwyczaj istnieje <strong>bezterminowo<\/strong>, ale mo\u017cliwe jest tak\u017ce jej utworzenie <strong>na czas okre\u015blony<\/strong>. W por\u00f3wnaniu do jednoosobowej dzia\u0142alno\u015bci gospodarczej, prowadzenie sp\u00f3\u0142ki z o.o. jest bardziej sformalizowane. R\u00f3\u017cni si\u0119 przede wszystkim tym, \u017ce ma osobowo\u015b\u0107 prawn\u0105, co oznacza, \u017ce jest <strong>odr\u0119bnym podmiotem prawnym<\/strong>. To skutkuje ograniczon\u0105 odpowiedzialno\u015bci\u0105 wsp\u00f3lnik\u00f3w za d\u0142ugi i zobowi\u0105zania sp\u00f3\u0142ki, ale nie oznacza to braku odpowiedzialno\u015bci.<\/p>\n\n\n\n<h4 class=\"wp-block-heading\"><strong>Du\u017ce s\u0142owo: Odpowiedzialno\u015b\u0107 i kto j\u0105 ponosi?<\/strong><\/h4>\n\n\n\n<p>Jako &nbsp;jednostka prawna, sp\u00f3\u0142ka ta posiada <strong>okre\u015blone organy zarz\u0105dzaj\u0105ce<\/strong>:<\/p>\n\n\n\n<ul class=\"wp-block-list\">\n<li><strong>Zgromadzenie wsp\u00f3lnik\u00f3w<\/strong>: Ten organ powo\u0142uj\u0119 sp\u00f3\u0142k\u0119 do \u017cycia, a tak\u017ce j\u0105 ewentualnie likwiduje. Poza tym podejmuje istotne decyzje, takie jak zatwierdzanie rocznych sprawozda\u0144 finansowych.<\/li>\n<\/ul>\n\n\n\n<ul class=\"wp-block-list\">\n<li><strong>Zarz\u0105d<\/strong>: Mo\u017ce sk\u0142ada\u0107 si\u0119 z jednej lub wielu os\u00f3b i zajmuje si\u0119 codziennymi sprawami. Jest tak\u017ce odpowiedzialny za reprezentowanie sp\u00f3\u0142ki na zewn\u0105trz. Mo\u017ce ponosi\u0107 odpowiedzialno\u015b\u0107 za zobowi\u0105zania sp\u00f3\u0142ki.<\/li>\n<\/ul>\n\n\n\n<ul class=\"wp-block-list\">\n<li><strong>Rada nadzorcza:<\/strong> Jest obowi\u0105zkowa jedynie w przypadku wi\u0119kszych sp\u00f3\u0142ek. Rada nadzorcza lub monitoruje dzia\u0142alno\u015b\u0107 sp\u00f3\u0142ki, szczeg\u00f3lnie w kwestiach zwi\u0105zanych z wa\u017cnymi decyzjami finansowymi. Jako, \u017ce w przypadku mniejszy sp\u00f3\u0142ek praktycznie nie wyst\u0119puje, to nie b\u0119dziemy si\u0119 w dalszej cz\u0119\u015bci na niej skupia\u0107.<\/li>\n<\/ul>\n\n\n\n<p><strong>Warto zwr\u00f3ci\u0107 szczeg\u00f3ln\u0105 uwag\u0119<\/strong> na kwesti\u0119 odpowiedzialno\u015bci zarz\u0105du w sp\u00f3\u0142ce z o.o. Je\u015bli sp\u00f3\u0142ka posiada niesp\u0142acone zobowi\u0105zania, wierzyciel ma prawo domaga\u0107 si\u0119 ich sp\u0142aty z maj\u0105tku sp\u00f3\u0142ki. W sytuacji, gdy maj\u0105tek ten jest niewystarczaj\u0105cy, wierzyciel mo\u017ce pr\u00f3bowa\u0107 dochodzi\u0107 swoich roszcze\u0144 od cz\u0142onk\u00f3w zarz\u0105du. Je\u017celi cz\u0142onkowie zarz\u0105du nie dochowali swoich obowi\u0105zk\u00f3w i w raz z niewyp\u0142acalno\u015bci\u0105 sp\u00f3\u0142ki, nie zg\u0142osili do s\u0105du wniosku o upad\u0142o\u015b\u0107, to dochodzenie roszcze\u0144 z ich maj\u0105tku b\u0119dzie zasadne. Cz\u0142onkowie zarz\u0105du ponosz\u0105 zatem odpowiedzialno\u015b\u0107 gdy doprowadz\u0105 swoimi dzia\u0142aniami sp\u00f3\u0142k\u0119 do bankructwa i nie spe\u0142ni\u0105 swoich obowi\u0105zk\u00f3w z tym zwi\u0105zanych.<\/p>\n\n\n\n<p>Dlatego b\u0119d\u0105c cz\u0142onkiem zarz\u0105du trzeba by\u0107 \u015bwiadomym swoich obowi\u0105zk\u00f3w i mocno ich pilnowa\u0107. Z\u0142e zarz\u0105dzanie sp\u00f3\u0142k\u0105 i zaniedbanie swoich obowi\u0105zk\u00f3w mo\u017ce nie\u015b\u0107 za sob\u0105 spore konsekwencje.<\/p>\n\n\n\n<h4 class=\"wp-block-heading\"><strong>By\u0142a mowa o maj\u0105tku. Jak on wygl\u0105da w sp\u00f3\u0142ce z o.o.?<\/strong><\/h4>\n\n\n\n<p>Sp\u00f3\u0142ka z o.o. jest odr\u0119bnym podmiotem prawnym i ma te\u017c sw\u00f3j odr\u0119bny maj\u0105tek. Oznacza to, \u017ce nie jest to maj\u0105tek wsp\u00f3lnik\u00f3w czy zarz\u0105du i nie mog\u0105 oni nim dowolnie dysponowa\u0107. Dlatego nie mo\u017cna np. swobodnie i bez powodu wyp\u0142aca\u0107 sobie pieni\u0119dzy z konta sp\u00f3\u0142ki albo p\u0142aci\u0107 nimi za prywatne zobowi\u0105zania. <br>To jest bardzo wa\u017cna sprawa, o kt\u00f3rej spora cz\u0119\u015b\u0107 przedsi\u0119biorc\u00f3w niestety nie jest \u015bwiadoma. Traktuj\u0105 oni maj\u0105tek sp\u00f3\u0142ki jak sw\u00f3j i robi\u0105 z nim co chc\u0105, co w mo\u017ce przysporzy\u0107 sporych k\u0142opot\u00f3w. Dlatego Ty <strong>b\u0105d\u017a \u015bwiadom<\/strong> i zarz\u0105dzaj maj\u0105tkiem sp\u00f3\u0142ki w w\u0142a\u015bciwy spos\u00f3b!<\/p>\n\n\n\n<p>Maj\u0105tek sp\u00f3\u0142ki<strong> powstaje poprzez<\/strong> wniesienie kapita\u0142u zak\u0142adowego przez wsp\u00f3lnik\u00f3w.<\/p>\n\n\n\n<h4 class=\"wp-block-heading\"><strong>A co to jest ten kapita\u0142 zak\u0142adowy?<\/strong><\/h4>\n\n\n\n<p><strong>Minimalna<\/strong> warto\u015b\u0107 udzia\u0142\u00f3w i kapita\u0142u zak\u0142adowego sp\u00f3\u0142ki z ograniczon\u0105 odpowiedzialno\u015bci\u0105 <strong>wynosi 5 tysi\u0119cy z\u0142otych<\/strong>. W por\u00f3wnaniu, minimalny kapita\u0142 zak\u0142adowy sp\u00f3\u0142ki akcyjnej wynosi 100 tysi\u0119cy z\u0142otych. Kapita\u0142 zak\u0142adowy mo\u017ce przyjmowa\u0107 <strong>form\u0119 pieni\u0119\u017cn\u0105 lub niepieni\u0119\u017cn\u0105<\/strong>. <br>\u015arodki wp\u0142acone lub rzeczy wniesione na kapita\u0142 zak\u0142adowy s\u0142u\u017c\u0105 pokryciu r\u00f3\u017cnych koszt\u00f3w zwi\u0105zanych z rozpocz\u0119ciem dzia\u0142alno\u015bci. Z tego powodu, przed za\u0142o\u017ceniem sp\u00f3\u0142ki, warto zastanowi\u0107 si\u0119 ile pieni\u0119dzy jest potrzebne na rozkr\u0119cenie dzia\u0142alno\u015bci i ustali\u0107 kapita\u0142 zak\u0142adowy w\u0142a\u015bnie w takiej wysoko\u015bci. <br>Przewa\u017cnie wsp\u00f3lnicy sp\u00f3\u0142ki z ograniczon\u0105 odpowiedzialno\u015bci\u0105 decyduj\u0105 si\u0119 na wp\u0142at\u0119 minimalnego kapita\u0142u zak\u0142adowego. To jednak nie jest dobra praktyka, bo gdy pieni\u0105dze si\u0119 sko\u0144cz\u0105, to wsp\u00f3lnicy musz\u0105 kombinowa\u0107 jak dokapitalizowa\u0107 sp\u00f3\u0142k\u0119, by mog\u0142a dalej dzia\u0142a\u0107. Najcz\u0119\u015bciej po\u017cyczaj\u0105 pieni\u0105dze sp\u00f3\u0142ce, co wi\u0105\u017ce si\u0119 z dodatkowymi formalno\u015bciami i konieczno\u015bci\u0105 rozliczenia tych po\u017cyczek.<\/p>\n\n\n\n<p>Warto te\u017c zaznaczy\u0107, \u017ce wy\u017cszy kapita\u0142 zak\u0142adowy podnosi <strong>wiarygodno\u015b\u0107 firmy<\/strong>.<\/p>\n\n\n\n<p>Pewnie pojawi\u0142o si\u0119 wi\u0119cej pyta\u0144, wi\u0119c\u2026.<\/p>\n\n\n\n<h4 class=\"wp-block-heading\"><strong>Jak wygl\u0105da ksi\u0119gowo\u015b\u0107 w sp\u00f3\u0142ce z o. o.?<\/strong><\/h4>\n\n\n\n<p>Zgodnie z przepisami, ma ona <strong>obowi\u0105zek<\/strong> prowadzenia <strong>pe\u0142nej ksi\u0119gowo\u015bci <\/strong>w postaci ksi\u0105g handlowych. To oznacza, \u017ce prowadzenie ksi\u0119gowo\u015bci jest bardziej zaawansowane i kosztowne ni\u017c w przypadku jednoosobowej dzia\u0142alno\u015bci gospodarczej. <br>Poza tym, sp\u00f3\u0142ka z o.o. musi sk\u0142ada\u0107 roczne sprawozdanie finansowe. Sprawozdanie finansowe obejmuje przede wszystkim bilans oraz rachunek zysk\u00f3w i strat.<\/p>\n\n\n\n<p>Przy okazji chcemy podkre\u015bli\u0107, \u017ce oferujemy si\u0119 jako biuro rachunkowe, kt\u00f3re pomo\u017ce Ci z za\u0142o\u017ceniem sp\u00f3\u0142ki z o.o., poprowadzi jej ksi\u0119gowo\u015b\u0107 i przygotuje sprawozdania finansowe za ka\u017cdy rok.<\/p>\n\n\n\n<p>Pewnie ka\u017cdy z was (albo wr\u0119cz przeciwnie) na to czeka, a\u017c w ko\u0144cu wspomnimy o podatkach. Oto jeste\u015bmy\u2026<\/p>\n\n\n\n<h4 class=\"wp-block-heading\"><strong>Jakie jest opodatkowanie sp\u00f3\u0142ki z o. o.?<\/strong><\/h4>\n\n\n\n<p>Tutaj trzeba bra\u0107 pod uwag\u0119 kwesti\u0119 <strong>podw\u00f3jnego opodatkowania<\/strong>. Dochody sp\u00f3\u0142ki podlegaj\u0105 podatkowi <strong>CIT<\/strong> w wysoko\u015bci <strong>9% lub 19%,<\/strong> przy czym ni\u017csza stawka dotyczy tzw. ma\u0142ych podatnik\u00f3w. Status ma\u0142ego podatnika jest przyznawany, je\u015bli roczne przychody nie przekroczy\u0142y 2 milion\u00f3w euro. <br>Drugim podatkiem dochodowym jest <strong>PIT<\/strong>, kt\u00f3ry jest naliczany, gdy wsp\u00f3lnicy wyp\u0142acaj\u0105 <strong>zyski<\/strong> ze sp\u00f3\u0142ki w postaci <strong>dywidendy<\/strong>. W tym przypadku stawka podatku wynosi <strong>19%<\/strong>.<\/p>\n\n\n\n<p>Szczeg\u00f3\u0142owo na temat podatk\u00f3w rozpiszemy si\u0119 w odr\u0119bnym artykule. <strong>\u015aled\u017a<\/strong> <strong>naszego bloga<\/strong> by Ci\u0119 on nie omin\u0105\u0142!<\/p>\n\n\n\n<h4 class=\"wp-block-heading\"><strong>Skoro ju\u017c wspomnieli\u015bmy o dywidendzie, to jak ona dzia\u0142a?<\/strong><\/h4>\n\n\n\n<p>Wsp\u00f3lnicy maj\u0105 prawo do uczestnictwa w zyskach. Gdy sp\u00f3\u0142ka generuje zyski, udzia\u0142owcy mog\u0105 <strong>oczekiwa\u0107 wyp\u0142aty dywidendy<\/strong>. Aby to si\u0119 sta\u0142o, konieczne jest podj\u0119cie decyzji, \u017ce ca\u0142o\u015b\u0107 lub cz\u0119\u015b\u0107 zysk\u00f3w zostanie przeznaczona na wyp\u0142at\u0119 dywidendy. <br>Taka decyzja jest podejmowana w formie uchwa\u0142y podczas zgromadzenia wsp\u00f3lnik\u00f3w, zazwyczaj razem z zatwierdzeniem sprawozdania finansowego. Takie zgromadzenie powinno odby\u0107 si\u0119 w ci\u0105gu <strong>6 miesi\u0119cy<\/strong> po zako\u0144czeniu roku obrotowego.<\/p>\n\n\n\n<h4 class=\"wp-block-heading\"><strong>Jak ju\u017c nie chc\u0119 dalej prowadzi\u0107 sp\u00f3\u0142ki, to co z ni\u0105 zrobi\u0107?<\/strong><\/h4>\n\n\n\n<p>Wsp\u00f3lnicy maj\u0105 mo\u017cliwo\u015b\u0107 podj\u0119cia decyzji o zawieszeniu dzia\u0142alno\u015bci lub likwidacji sp\u00f3\u0142ki. <strong>Jej likwidacja<\/strong> oznacza <strong>proces likwidacyjny<\/strong>, kt\u00f3ry trwa co najmniej 6 miesi\u0119cy i <strong>zakres czynno\u015bci<\/strong>, kt\u00f3re zmierzaj\u0105 do zako\u0144czenia przez sp\u00f3\u0142k\u0119 dzia\u0142alno\u015bci i wykre\u015blenia z rejestru. <\/p>\n\n\n\n<p>Jednak cz\u0119sto <strong>prostszym i korzystniejszym<\/strong> rozwi\u0105zaniem jest <strong>sprzeda\u017c sp\u00f3\u0142ki z o.o<\/strong>. Zazwyczaj polega to na przekazaniu udzia\u0142\u00f3w innej osobie. W praktyce nie oznacza to sprzeda\u017cy samej sp\u00f3\u0142ki, lecz przekazanie praw w\u0142asno\u015bci i wynikaj\u0105cych z tego obowi\u0105zk\u00f3w. <br>Do sprzeda\u017cy sp\u00f3\u0142ki wystarczy umowa sprzeda\u017cy i jej skutek jest praktycznie natychmiastowy. Formalno\u015bci z tym zwi\u0105zane, cho\u0107 te\u017c wyst\u0119puj\u0105, s\u0105 mniej k\u0142opotliwe ni\u017c przy likwidacji.<\/p>\n\n\n\n<h4 class=\"wp-block-heading\"><strong>I ju\u017c na sam koniec, podsumowuj\u0105c, wymieniamy zalety i wady sp\u00f3\u0142ki z o. o.<\/strong><\/h4>\n\n\n\n<p><strong>Zaczynaj\u0105c od zalet:<\/strong><\/p>\n\n\n\n<ul class=\"wp-block-list\">\n<li><strong>Ograniczona odpowiedzialno\u015b\u0107 finansowa<\/strong> \u2014 wsp\u00f3lnicy sp. z o.o. ryzykuj\u0105 tylko i wy\u0142\u0105cznie \u015brodkami wniesionymi na pokrycie kapita\u0142u zak\u0142adowego. Oznacza, \u017ce za zobowi\u0105zania wobec wierzycieli nie odpowiadaj\u0105 wsp\u00f3lnicy, a odpowiada za nie (swoim maj\u0105tkiem) sp\u00f3\u0142ka z o.o. Jednak w niekt\u00f3rych sytuacjach odpowiedzialno\u015b\u0107 mog\u0105 ponosi\u0107 cz\u0142onkowie zarz\u0105du.<\/li>\n<\/ul>\n\n\n\n<ul class=\"wp-block-list\">\n<li><strong>Mo\u017cliwo\u015b\u0107 unikni\u0119cia sk\u0142adek ZUS<\/strong> &nbsp;\u2014 &nbsp;to jedna z r\u00f3\u017cnic mi\u0119dzy sp\u00f3\u0142k\u0105 z ograniczon\u0105 odpowiedzialno\u015bci\u0105, a jednoosobow\u0105 dzia\u0142alno\u015bci\u0105 gospodarcz\u0105. Sp\u00f3\u0142ka z o.o. nie jest zobowi\u0105zana do p\u0142acenia sk\u0142adek ZUS, ale nie dotyczy to jednoosobowej sp\u00f3\u0142ki z o.o., kt\u00f3ra przez ZUS traktowana jest jak dzia\u0142alno\u015b\u0107 gospodarcza.<\/li>\n<\/ul>\n\n\n\n<ul class=\"wp-block-list\">\n<li><strong>Mo\u017cliwo\u015b\u0107 sprzeda\u017cy sp\u00f3\u0142ki<\/strong>&nbsp;\u2014&nbsp;sprzeda\u017c udzia\u0142\u00f3w sp\u00f3\u0142ki przebiega w do\u015b\u0107 prosty spos\u00f3b.&nbsp;<\/li>\n<\/ul>\n\n\n\n<p><strong>Jak wygl\u0105da druga strona medalu, czyli wady?<\/strong><strong><\/strong><\/p>\n\n\n\n<ul class=\"wp-block-list\">\n<li><strong>Konieczno\u015b\u0107 wp\u0142acenia kapita\u0142u zak\u0142adowego<\/strong> &nbsp;\u2014 &nbsp;ma tu swoje znaczenie, chocia\u017c jego warto\u015b\u0107 mo\u017ce by\u0107 znacznie ni\u017csza ni\u017c w przypadku sp\u00f3\u0142ki akcyjnej.<\/li>\n<\/ul>\n\n\n\n<ul class=\"wp-block-list\">\n<li><strong>Struktura jest bardziej formalna <\/strong>ni\u017c w jednoosobowej dzia\u0142alno\u015bci gospodarczej &nbsp;\u2014 wi\u0105\u017ce si\u0119 to z wi\u0119ksz\u0105 ilo\u015bci\u0105 wymaganych procedur, w tym zwi\u0105zanych z prowadzeniem ksi\u0119gowo\u015bci.<strong><\/strong><\/li>\n<\/ul>\n\n\n\n<ul class=\"wp-block-list\">\n<li><strong>Podw\u00f3jne opodatkowanie<\/strong> &nbsp;\u2014 &nbsp;najpierw op\u0142aca si\u0119 CIT, a nast\u0119pnie jeszcze PIT.<\/li>\n<\/ul>\n\n\n\n<p><strong>Pami\u0119taj,<\/strong> \u017ce ka\u017cda decyzja powinna by\u0107 dobrze przemy\u015blana i przedyskutowana z profesjonalistami. Szczeg\u00f3lnie je\u015bli planujesz za\u0142o\u017cy\u0107 sp\u00f3\u0142k\u0119 z o.o., to warto si\u0119 do tego solidnie przygotowa\u0107, by potem nic Ci\u0119 nie zaskoczy\u0142o.<\/p>\n\n\n\n<p><strong>\u017byczymy Ci sukces\u00f3w!<\/strong> Je\u015bli masz jakiekolwiek pytania lub potrzebujesz wsparcia przy zak\u0142adaniu sp\u00f3\u0142ki z ograniczon\u0105 odpowiedzialno\u015bci\u0105 oraz prowadzeniu jej ksi\u0119gowo\u015bci, jeste\u015bmy dost\u0119pni, aby Ci pom\u00f3c. Skontaktuj si\u0119 z nami, a z przyjemno\u015bci\u0105 pomo\u017cemy Ci zrealizowa\u0107 Twoje plany.<\/p>\n\n\n\n<p>Mo\u017cesz poczyta\u0107 o tym wszystkim wi\u0119cej <a href=\"https:\/\/www.biznes.gov.pl\/pl\/portal\/00166\">tutaj<\/a><\/p>\n","protected":false},"excerpt":{"rendered":"<p>Zobacz o czym na pewno musisz wiedzie\u0107, zanim za\u0142o\u017cysz sp\u00f3\u0142k\u0119 z ograniczon\u0105 odpowiedzialno\u015bci\u0105 Przedstawiamy Tobie najwa\u017cniejsze informacje.<\/p>\n","protected":false},"author":3,"featured_media":850,"comment_status":"open","ping_status":"open","sticky":false,"template":"","format":"standard","meta":{"footnotes":""},"categories":[22],"tags":[28,26,31,29],"class_list":["post-806","post","type-post","status-publish","format-standard","has-post-thumbnail","hentry","category-zalozenie-firmy","tag-bizneswpolsce","tag-firma","tag-spolka","tag-zalozeniefirmy"],"yoast_head":"<!-- This site is optimized with the Yoast SEO plugin v27.4 - https:\/\/yoast.com\/product\/yoast-seo-wordpress\/ -->\n<title>Sp\u00f3\u0142ka z o. o. w Polsce - O czym koniecznie musisz pami\u0119ta\u0107?<\/title>\n<meta name=\"description\" content=\"Zobacz o czym na pewno musisz wiedzie\u0107, zanim za\u0142o\u017cysz sp\u00f3\u0142k\u0119 z ograniczon\u0105 odpowiedzialno\u015bci\u0105. Przedstawiamy Tobie najwa\u017cniejsze informacje.\" \/>\n<meta name=\"robots\" content=\"index, follow, max-snippet:-1, max-image-preview:large, max-video-preview:-1\" \/>\n<link rel=\"canonical\" href=\"https:\/\/compacc.tax\/pl\/blog\/spolka-z-o-o-w-polsce\/\" \/>\n<meta property=\"og:locale\" content=\"pl_PL\" \/>\n<meta property=\"og:type\" content=\"article\" \/>\n<meta property=\"og:title\" content=\"Sp\u00f3\u0142ka z o. o. w Polsce - O czym koniecznie musisz pami\u0119ta\u0107?\" \/>\n<meta property=\"og:description\" content=\"Zobacz o czym na pewno musisz wiedzie\u0107, zanim za\u0142o\u017cysz sp\u00f3\u0142k\u0119 z ograniczon\u0105 odpowiedzialno\u015bci\u0105. Przedstawiamy Tobie najwa\u017cniejsze informacje.\" \/>\n<meta property=\"og:url\" content=\"https:\/\/compacc.tax\/pl\/blog\/spolka-z-o-o-w-polsce\/\" \/>\n<meta property=\"og:site_name\" content=\"Compacc: Complete Accountant\" \/>\n<meta property=\"article:published_time\" content=\"2024-01-30T12:52:43+00:00\" \/>\n<meta property=\"article:modified_time\" content=\"2025-02-27T13:22:55+00:00\" \/>\n<meta property=\"og:image\" content=\"https:\/\/compacc.tax\/wp-content\/uploads\/2024\/01\/SPOLKA-Z-O.-O.-W-POLSCE.png\" \/>\n\t<meta property=\"og:image:width\" content=\"2240\" \/>\n\t<meta property=\"og:image:height\" content=\"1260\" \/>\n\t<meta property=\"og:image:type\" content=\"image\/png\" \/>\n<meta name=\"author\" content=\"Rafal Szpin\" \/>\n<meta name=\"twitter:card\" content=\"summary_large_image\" \/>\n<meta name=\"twitter:label1\" content=\"Napisane przez\" \/>\n\t<meta name=\"twitter:data1\" content=\"Rafal Szpin\" \/>\n\t<meta name=\"twitter:label2\" content=\"Szacowany czas czytania\" \/>\n\t<meta name=\"twitter:data2\" content=\"8 minut\" \/>\n<script type=\"application\/ld+json\" class=\"yoast-schema-graph\">{\"@context\":\"https:\\\/\\\/schema.org\",\"@graph\":[{\"@type\":\"Article\",\"@id\":\"https:\\\/\\\/compacc.tax\\\/pl\\\/blog\\\/spolka-z-o-o-w-polsce\\\/#article\",\"isPartOf\":{\"@id\":\"https:\\\/\\\/compacc.tax\\\/pl\\\/blog\\\/spolka-z-o-o-w-polsce\\\/\"},\"author\":{\"name\":\"Rafal Szpin\",\"@id\":\"https:\\\/\\\/compacc.tax\\\/pl\\\/#\\\/schema\\\/person\\\/26111696fced602b9032ff4eb4e9c0b2\"},\"headline\":\"SP\u00d3\u0141KA Z O.O. W POLSCE. O CZYM MUSISZ PAMI\u0118TA\u0106?\",\"datePublished\":\"2024-01-30T12:52:43+00:00\",\"dateModified\":\"2025-02-27T13:22:55+00:00\",\"mainEntityOfPage\":{\"@id\":\"https:\\\/\\\/compacc.tax\\\/pl\\\/blog\\\/spolka-z-o-o-w-polsce\\\/\"},\"wordCount\":1708,\"commentCount\":0,\"publisher\":{\"@id\":\"https:\\\/\\\/compacc.tax\\\/pl\\\/#organization\"},\"image\":{\"@id\":\"https:\\\/\\\/compacc.tax\\\/pl\\\/blog\\\/spolka-z-o-o-w-polsce\\\/#primaryimage\"},\"thumbnailUrl\":\"https:\\\/\\\/compacc.tax\\\/wp-content\\\/uploads\\\/2024\\\/01\\\/SPOLKA-Z-O.-O.-W-POLSCE.png\",\"keywords\":[\"bizneswPolsce\",\"firma\",\"sp\u00f3\u0142ka\",\"za\u0142o\u017ceniefirmy\"],\"articleSection\":[\"Za\u0142o\u017cenie firmy\"],\"inLanguage\":\"pl-PL\"},{\"@type\":\"WebPage\",\"@id\":\"https:\\\/\\\/compacc.tax\\\/pl\\\/blog\\\/spolka-z-o-o-w-polsce\\\/\",\"url\":\"https:\\\/\\\/compacc.tax\\\/pl\\\/blog\\\/spolka-z-o-o-w-polsce\\\/\",\"name\":\"Sp\u00f3\u0142ka z o. o. w Polsce - O czym koniecznie musisz pami\u0119ta\u0107?\",\"isPartOf\":{\"@id\":\"https:\\\/\\\/compacc.tax\\\/pl\\\/#website\"},\"primaryImageOfPage\":{\"@id\":\"https:\\\/\\\/compacc.tax\\\/pl\\\/blog\\\/spolka-z-o-o-w-polsce\\\/#primaryimage\"},\"image\":{\"@id\":\"https:\\\/\\\/compacc.tax\\\/pl\\\/blog\\\/spolka-z-o-o-w-polsce\\\/#primaryimage\"},\"thumbnailUrl\":\"https:\\\/\\\/compacc.tax\\\/wp-content\\\/uploads\\\/2024\\\/01\\\/SPOLKA-Z-O.-O.-W-POLSCE.png\",\"datePublished\":\"2024-01-30T12:52:43+00:00\",\"dateModified\":\"2025-02-27T13:22:55+00:00\",\"description\":\"Zobacz o czym na pewno musisz wiedzie\u0107, zanim za\u0142o\u017cysz sp\u00f3\u0142k\u0119 z ograniczon\u0105 odpowiedzialno\u015bci\u0105. Przedstawiamy Tobie najwa\u017cniejsze informacje.\",\"breadcrumb\":{\"@id\":\"https:\\\/\\\/compacc.tax\\\/pl\\\/blog\\\/spolka-z-o-o-w-polsce\\\/#breadcrumb\"},\"inLanguage\":\"pl-PL\",\"potentialAction\":[{\"@type\":\"ReadAction\",\"target\":[\"https:\\\/\\\/compacc.tax\\\/pl\\\/blog\\\/spolka-z-o-o-w-polsce\\\/\"]}]},{\"@type\":\"ImageObject\",\"inLanguage\":\"pl-PL\",\"@id\":\"https:\\\/\\\/compacc.tax\\\/pl\\\/blog\\\/spolka-z-o-o-w-polsce\\\/#primaryimage\",\"url\":\"https:\\\/\\\/compacc.tax\\\/wp-content\\\/uploads\\\/2024\\\/01\\\/SPOLKA-Z-O.-O.-W-POLSCE.png\",\"contentUrl\":\"https:\\\/\\\/compacc.tax\\\/wp-content\\\/uploads\\\/2024\\\/01\\\/SPOLKA-Z-O.-O.-W-POLSCE.png\",\"width\":2240,\"height\":1260,\"caption\":\"Sp\u00f3\u0142ka z o. o. w Polsce\"},{\"@type\":\"BreadcrumbList\",\"@id\":\"https:\\\/\\\/compacc.tax\\\/pl\\\/blog\\\/spolka-z-o-o-w-polsce\\\/#breadcrumb\",\"itemListElement\":[{\"@type\":\"ListItem\",\"position\":1,\"name\":\"Strona g\u0142\u00f3wna\",\"item\":\"https:\\\/\\\/compacc.tax\\\/pl\\\/\"},{\"@type\":\"ListItem\",\"position\":2,\"name\":\"SP\u00d3\u0141KA Z O.O. W POLSCE. O CZYM MUSISZ PAMI\u0118TA\u0106?\"}]},{\"@type\":\"WebSite\",\"@id\":\"https:\\\/\\\/compacc.tax\\\/pl\\\/#website\",\"url\":\"https:\\\/\\\/compacc.tax\\\/pl\\\/\",\"name\":\"CompAcc: Complete Accountant\",\"description\":\"\",\"publisher\":{\"@id\":\"https:\\\/\\\/compacc.tax\\\/pl\\\/#organization\"},\"potentialAction\":[{\"@type\":\"SearchAction\",\"target\":{\"@type\":\"EntryPoint\",\"urlTemplate\":\"https:\\\/\\\/compacc.tax\\\/pl\\\/?s={search_term_string}\"},\"query-input\":{\"@type\":\"PropertyValueSpecification\",\"valueRequired\":true,\"valueName\":\"search_term_string\"}}],\"inLanguage\":\"pl-PL\"},{\"@type\":\"Organization\",\"@id\":\"https:\\\/\\\/compacc.tax\\\/pl\\\/#organization\",\"name\":\"Compacc Tax\",\"url\":\"https:\\\/\\\/compacc.tax\\\/pl\\\/\",\"logo\":{\"@type\":\"ImageObject\",\"inLanguage\":\"pl-PL\",\"@id\":\"https:\\\/\\\/compacc.tax\\\/pl\\\/#\\\/schema\\\/logo\\\/image\\\/\",\"url\":\"https:\\\/\\\/compacc.tax\\\/wp-content\\\/uploads\\\/2023\\\/12\\\/compacc-logo.svg\",\"contentUrl\":\"https:\\\/\\\/compacc.tax\\\/wp-content\\\/uploads\\\/2023\\\/12\\\/compacc-logo.svg\",\"width\":141,\"height\":37,\"caption\":\"Compacc Tax\"},\"image\":{\"@id\":\"https:\\\/\\\/compacc.tax\\\/pl\\\/#\\\/schema\\\/logo\\\/image\\\/\"}},{\"@type\":\"Person\",\"@id\":\"https:\\\/\\\/compacc.tax\\\/pl\\\/#\\\/schema\\\/person\\\/26111696fced602b9032ff4eb4e9c0b2\",\"name\":\"Rafal Szpin\",\"description\":\"Founder and CEO\",\"sameAs\":[\"https:\\\/\\\/www.linkedin.com\\\/in\\\/rafal-szpin\\\/\"]}]}<\/script>\n<!-- \/ Yoast SEO plugin. -->","yoast_head_json":{"title":"Sp\u00f3\u0142ka z o. o. w Polsce - O czym koniecznie musisz pami\u0119ta\u0107?","description":"Zobacz o czym na pewno musisz wiedzie\u0107, zanim za\u0142o\u017cysz sp\u00f3\u0142k\u0119 z ograniczon\u0105 odpowiedzialno\u015bci\u0105. Przedstawiamy Tobie najwa\u017cniejsze informacje.","robots":{"index":"index","follow":"follow","max-snippet":"max-snippet:-1","max-image-preview":"max-image-preview:large","max-video-preview":"max-video-preview:-1"},"canonical":"https:\/\/compacc.tax\/pl\/blog\/spolka-z-o-o-w-polsce\/","og_locale":"pl_PL","og_type":"article","og_title":"Sp\u00f3\u0142ka z o. o. w Polsce - O czym koniecznie musisz pami\u0119ta\u0107?","og_description":"Zobacz o czym na pewno musisz wiedzie\u0107, zanim za\u0142o\u017cysz sp\u00f3\u0142k\u0119 z ograniczon\u0105 odpowiedzialno\u015bci\u0105. Przedstawiamy Tobie najwa\u017cniejsze informacje.","og_url":"https:\/\/compacc.tax\/pl\/blog\/spolka-z-o-o-w-polsce\/","og_site_name":"Compacc: Complete Accountant","article_published_time":"2024-01-30T12:52:43+00:00","article_modified_time":"2025-02-27T13:22:55+00:00","og_image":[{"width":2240,"height":1260,"url":"https:\/\/compacc.tax\/wp-content\/uploads\/2024\/01\/SPOLKA-Z-O.-O.-W-POLSCE.png","type":"image\/png"}],"author":"Rafal Szpin","twitter_card":"summary_large_image","twitter_misc":{"Napisane przez":"Rafal Szpin","Szacowany czas czytania":"8 minut"},"schema":{"@context":"https:\/\/schema.org","@graph":[{"@type":"Article","@id":"https:\/\/compacc.tax\/pl\/blog\/spolka-z-o-o-w-polsce\/#article","isPartOf":{"@id":"https:\/\/compacc.tax\/pl\/blog\/spolka-z-o-o-w-polsce\/"},"author":{"name":"Rafal Szpin","@id":"https:\/\/compacc.tax\/pl\/#\/schema\/person\/26111696fced602b9032ff4eb4e9c0b2"},"headline":"SP\u00d3\u0141KA Z O.O. W POLSCE. O CZYM MUSISZ PAMI\u0118TA\u0106?","datePublished":"2024-01-30T12:52:43+00:00","dateModified":"2025-02-27T13:22:55+00:00","mainEntityOfPage":{"@id":"https:\/\/compacc.tax\/pl\/blog\/spolka-z-o-o-w-polsce\/"},"wordCount":1708,"commentCount":0,"publisher":{"@id":"https:\/\/compacc.tax\/pl\/#organization"},"image":{"@id":"https:\/\/compacc.tax\/pl\/blog\/spolka-z-o-o-w-polsce\/#primaryimage"},"thumbnailUrl":"https:\/\/compacc.tax\/wp-content\/uploads\/2024\/01\/SPOLKA-Z-O.-O.-W-POLSCE.png","keywords":["bizneswPolsce","firma","sp\u00f3\u0142ka","za\u0142o\u017ceniefirmy"],"articleSection":["Za\u0142o\u017cenie firmy"],"inLanguage":"pl-PL"},{"@type":"WebPage","@id":"https:\/\/compacc.tax\/pl\/blog\/spolka-z-o-o-w-polsce\/","url":"https:\/\/compacc.tax\/pl\/blog\/spolka-z-o-o-w-polsce\/","name":"Sp\u00f3\u0142ka z o. o. w Polsce - O czym koniecznie musisz pami\u0119ta\u0107?","isPartOf":{"@id":"https:\/\/compacc.tax\/pl\/#website"},"primaryImageOfPage":{"@id":"https:\/\/compacc.tax\/pl\/blog\/spolka-z-o-o-w-polsce\/#primaryimage"},"image":{"@id":"https:\/\/compacc.tax\/pl\/blog\/spolka-z-o-o-w-polsce\/#primaryimage"},"thumbnailUrl":"https:\/\/compacc.tax\/wp-content\/uploads\/2024\/01\/SPOLKA-Z-O.-O.-W-POLSCE.png","datePublished":"2024-01-30T12:52:43+00:00","dateModified":"2025-02-27T13:22:55+00:00","description":"Zobacz o czym na pewno musisz wiedzie\u0107, zanim za\u0142o\u017cysz sp\u00f3\u0142k\u0119 z ograniczon\u0105 odpowiedzialno\u015bci\u0105. Przedstawiamy Tobie najwa\u017cniejsze informacje.","breadcrumb":{"@id":"https:\/\/compacc.tax\/pl\/blog\/spolka-z-o-o-w-polsce\/#breadcrumb"},"inLanguage":"pl-PL","potentialAction":[{"@type":"ReadAction","target":["https:\/\/compacc.tax\/pl\/blog\/spolka-z-o-o-w-polsce\/"]}]},{"@type":"ImageObject","inLanguage":"pl-PL","@id":"https:\/\/compacc.tax\/pl\/blog\/spolka-z-o-o-w-polsce\/#primaryimage","url":"https:\/\/compacc.tax\/wp-content\/uploads\/2024\/01\/SPOLKA-Z-O.-O.-W-POLSCE.png","contentUrl":"https:\/\/compacc.tax\/wp-content\/uploads\/2024\/01\/SPOLKA-Z-O.-O.-W-POLSCE.png","width":2240,"height":1260,"caption":"Sp\u00f3\u0142ka z o. o. w Polsce"},{"@type":"BreadcrumbList","@id":"https:\/\/compacc.tax\/pl\/blog\/spolka-z-o-o-w-polsce\/#breadcrumb","itemListElement":[{"@type":"ListItem","position":1,"name":"Strona g\u0142\u00f3wna","item":"https:\/\/compacc.tax\/pl\/"},{"@type":"ListItem","position":2,"name":"SP\u00d3\u0141KA Z O.O. W POLSCE. O CZYM MUSISZ PAMI\u0118TA\u0106?"}]},{"@type":"WebSite","@id":"https:\/\/compacc.tax\/pl\/#website","url":"https:\/\/compacc.tax\/pl\/","name":"CompAcc: Complete Accountant","description":"","publisher":{"@id":"https:\/\/compacc.tax\/pl\/#organization"},"potentialAction":[{"@type":"SearchAction","target":{"@type":"EntryPoint","urlTemplate":"https:\/\/compacc.tax\/pl\/?s={search_term_string}"},"query-input":{"@type":"PropertyValueSpecification","valueRequired":true,"valueName":"search_term_string"}}],"inLanguage":"pl-PL"},{"@type":"Organization","@id":"https:\/\/compacc.tax\/pl\/#organization","name":"Compacc Tax","url":"https:\/\/compacc.tax\/pl\/","logo":{"@type":"ImageObject","inLanguage":"pl-PL","@id":"https:\/\/compacc.tax\/pl\/#\/schema\/logo\/image\/","url":"https:\/\/compacc.tax\/wp-content\/uploads\/2023\/12\/compacc-logo.svg","contentUrl":"https:\/\/compacc.tax\/wp-content\/uploads\/2023\/12\/compacc-logo.svg","width":141,"height":37,"caption":"Compacc Tax"},"image":{"@id":"https:\/\/compacc.tax\/pl\/#\/schema\/logo\/image\/"}},{"@type":"Person","@id":"https:\/\/compacc.tax\/pl\/#\/schema\/person\/26111696fced602b9032ff4eb4e9c0b2","name":"Rafal Szpin","description":"Founder and CEO","sameAs":["https:\/\/www.linkedin.com\/in\/rafal-szpin\/"]}]}},"_links":{"self":[{"href":"https:\/\/compacc.tax\/pl\/wp-json\/wp\/v2\/posts\/806","targetHints":{"allow":["GET"]}}],"collection":[{"href":"https:\/\/compacc.tax\/pl\/wp-json\/wp\/v2\/posts"}],"about":[{"href":"https:\/\/compacc.tax\/pl\/wp-json\/wp\/v2\/types\/post"}],"author":[{"embeddable":true,"href":"https:\/\/compacc.tax\/pl\/wp-json\/wp\/v2\/users\/3"}],"replies":[{"embeddable":true,"href":"https:\/\/compacc.tax\/pl\/wp-json\/wp\/v2\/comments?post=806"}],"version-history":[{"count":7,"href":"https:\/\/compacc.tax\/pl\/wp-json\/wp\/v2\/posts\/806\/revisions"}],"predecessor-version":[{"id":1193,"href":"https:\/\/compacc.tax\/pl\/wp-json\/wp\/v2\/posts\/806\/revisions\/1193"}],"wp:featuredmedia":[{"embeddable":true,"href":"https:\/\/compacc.tax\/pl\/wp-json\/wp\/v2\/media\/850"}],"wp:attachment":[{"href":"https:\/\/compacc.tax\/pl\/wp-json\/wp\/v2\/media?parent=806"}],"wp:term":[{"taxonomy":"category","embeddable":true,"href":"https:\/\/compacc.tax\/pl\/wp-json\/wp\/v2\/categories?post=806"},{"taxonomy":"post_tag","embeddable":true,"href":"https:\/\/compacc.tax\/pl\/wp-json\/wp\/v2\/tags?post=806"}],"curies":[{"name":"wp","href":"https:\/\/api.w.org\/{rel}","templated":true}]}}