{"id":1027,"date":"2024-12-19T13:14:00","date_gmt":"2024-12-19T12:14:00","guid":{"rendered":"https:\/\/compacc.tax\/?p=1027"},"modified":"2026-02-11T14:40:28","modified_gmt":"2026-02-11T13:40:28","slug":"kluczowe-ulgi-podatkowe-w-polsce","status":"publish","type":"post","link":"https:\/\/compacc.tax\/pl\/blog\/kluczowe-ulgi-podatkowe-w-polsce\/","title":{"rendered":"POZNAJ TERAZ\u00a09 KLUCZOWYCH ULG PODATKOWYCH!"},"content":{"rendered":"\n<p>Warto regularnie analizowa\u0107 dost\u0119pne ulgi i odliczenia, aby zoptymalizowa\u0107 swoje rozliczenia. Odpowiednie dzia\u0142ania mog\u0105 znacz\u0105co i pozytywnie wp\u0142yn\u0105\u0107 na Twoje finanse. Temu w\u0142a\u015bnie ma s\u0142u\u017cy\u0107 ten artyku\u0142 \u2013 chcemy pom\u00f3c Ci zrozumie\u0107, z jakich ulg mo\u017cesz skorzysta\u0107.<\/p>\n\n\n\n<p>W tym tek\u015bcie om\u00f3wimy <strong>9 najwa\u017cniejszych ulg podatkowych<\/strong>, z kt\u00f3rych mo\u017cesz skorzysta\u0107, je\u015bli spe\u0142niasz odpowiednie warunki. <br><br>Jakie to? Przejd\u017amy wi\u0119c do konkret\u00f3w\u2026<\/p>\n\n\n\n<ol class=\"wp-block-list\">\n<li class=\"has-medium-font-size\"><strong>Ulga na dziecko<\/strong><\/li>\n<\/ol>\n\n\n\n<p>Ulga przys\u0142uguje, je\u015bli jeste\u015b rodzicem, opiekunem prawnym lub pe\u0142nisz rol\u0119 rodziny zast\u0119pczej, a twoje dochody s\u0105 opodatkowane wed\u0142ug skali podatkowej.<\/p>\n\n\n\n<h4 class=\"wp-block-heading\"><strong>Kiedy przys\u0142uguje?<\/strong><\/h4>\n\n\n\n<p>Te zwolnienie przys\u0142uguje <strong>w nast\u0119puj\u0105cych przypadkach<\/strong>:<\/p>\n\n\n\n<ol start=\"1\" class=\"wp-block-list\">\n<li>Dla <strong>ma\u0142oletniego<\/strong> (poni\u017cej 18 lat) dziecka,<br><\/li>\n\n\n\n<li>Dla <strong>pe\u0142noletnich <\/strong>(18 lat i wi\u0119cej) dzieci:<br><br>\u2022 Je\u015bli dziecko otrzymywa\u0142o zasi\u0142ek piel\u0119gnacyjny lub rent\u0119 socjaln\u0105,<br><br>\u2022 Je\u015bli <strong>do 25. roku \u017cycia<\/strong> dziecko <strong>uczy si\u0119<\/strong> w Polsce lub za granic\u0105 i jego dochody nie przekroczy\u0142y <strong>19 061,28 z\u0142<\/strong>.<\/li>\n<\/ol>\n\n\n\n<div class=\"wp-block-group is-layout-constrained wp-block-group-is-layout-constrained\">\n<h4 class=\"wp-block-heading\"><strong>Kiedy nie mo\u017cesz z niej skorzysta\u0107?<\/strong><\/h4>\n\n\n\n<p><strong>Nie mo\u017cesz<\/strong> skorzysta\u0107 z ulgi, je\u015bli uzyskujesz <strong>wy\u0142\u0105cznie<\/strong> dochody:<\/p>\n<\/div>\n\n\n\n<ul class=\"wp-block-list\">\n<li>opodatkowane 19% podatkiem liniowym (np. z dzia\u0142alno\u015bci gospodarczej),<br><\/li>\n\n\n\n<li>opodatkowane zrycza\u0142towanym podatkiem dochodowym.<\/li>\n<\/ul>\n\n\n\n<p><strong>Je\u015bli jednak<\/strong> masz tak\u017ce dochody opodatkowane wed\u0142ug skali podatkowej (np. z pracy, zasi\u0142ek chorobowy), mo\u017cesz uwzgl\u0119dni\u0107 ulg\u0119 od tych dochod\u00f3w.<\/p>\n\n\n\n<h4 class=\"wp-block-heading\"><strong>S\u0105 pewne limity<\/strong><\/h4>\n\n\n\n<p>Ulga przys\u0142uguje, <strong>je\u015bli <\/strong>twoje dochody w roku podatkowym <strong>nie<\/strong> <strong>przekroczy\u0142y<\/strong>:<\/p>\n\n\n\n<ol start=\"1\" class=\"wp-block-list\">\n<li><strong>112 000 z\u0142<\/strong> \u2013 w przypadku, gdy pozostajesz w zwi\u0105zku ma\u0142\u017ce\u0144skim przez ca\u0142y rok (dochody sumowane z dochodami ma\u0142\u017conka).<br><\/li>\n\n\n\n<li><strong>112 000 z\u0142<\/strong> \u2013 je\u015bli jeste\u015b osob\u0105 samotnie wychowuj\u0105c\u0105 dziecko.<br><\/li>\n\n\n\n<li><strong>56 000 z\u0142<\/strong> \u2013 je\u015bli nie pozostajesz w zwi\u0105zku ma\u0142\u017ce\u0144skim.<\/li>\n<\/ol>\n\n\n\n<p>Przys\u0142uguje <strong>natomiast bez wzgl\u0119du<\/strong> na wysoko\u015b\u0107 dochod\u00f3w, <strong>je\u015bli<\/strong>:<\/p>\n\n\n\n<ul class=\"wp-block-list\">\n<li>masz <strong>dwoje lub wi\u0119cej dzieci<\/strong>,<br><\/li>\n\n\n\n<li>masz <strong>jedno dziecko<\/strong> z orzeczeniem o niepe\u0142nosprawno\u015bci lub przyznan\u0105 rent\u0105.<\/li>\n<\/ul>\n\n\n\n<h4 class=\"wp-block-heading\"><strong>Powiedzmy w ko\u0144cu ile wynosi ta ulga<\/strong><\/h4>\n\n\n\n<p>Ulga na dziecko to ulga odliczana od podatku czyli obni\u017ca podatek do zap\u0142aty, w przeciwie\u0144stwie do wi\u0119kszo\u015bci innych ulg, kt\u00f3re obni\u017caj\u0105 tylko podstaw\u0119 opodatkowania. <br><br>Oblicza si\u0119 w nast\u0119puj\u0105cy spos\u00f3b:<\/p>\n\n\n\n<ul class=\"wp-block-list\">\n<li><strong>Na pierwsze<\/strong> dziecko: 92,67 z\u0142 miesi\u0119cznie, co daje 1 112,04 z\u0142 rocznie.<br><\/li>\n\n\n\n<li><strong>Na drugie<\/strong> dziecko: 92,67 z\u0142 miesi\u0119cznie, co daje 1 112,04 z\u0142 rocznie.<br><\/li>\n\n\n\n<li><strong>Na trzecie<\/strong> dziecko: 166,67 z\u0142 miesi\u0119cznie, co daje 2 000,04 z\u0142 rocznie.<br><\/li>\n\n\n\n<li><strong>Na czwarte<\/strong> i ka\u017cde <strong>kolejne<\/strong> dziecko: 225,00 z\u0142 miesi\u0119cznie, co daje 2 700,00 z\u0142 rocznie.<\/li>\n<\/ul>\n\n\n\n<p>Odliczenie dotyczy <strong>\u0142\u0105cznie obojga rodzic\u00f3w,<\/strong> opiekun\u00f3w prawnych dziecka albo rodzic\u00f3w zast\u0119pczych pozostaj\u0105cych w zwi\u0105zku ma\u0142\u017ce\u0144skim.<\/p>\n\n\n\n<h4 class=\"wp-block-heading\"><strong>Jak z niej skorzysta\u0107?<\/strong><\/h4>\n\n\n\n<p>Nale\u017cy z\u0142o\u017cy\u0107 PIT-36 lub PIT-37 z za\u0142\u0105cznikiem PIT\/O, w kt\u00f3rym podaje si\u0119 numery PESEL dzieci (lub ich imiona, nazwiska oraz daty urodzenia, je\u015bli brak numer\u00f3w PESEL).<\/p>\n\n\n\n<ol start=\"2\" class=\"wp-block-list\">\n<li class=\"has-medium-font-size\"><strong>Ulga termomodernizacyjna<\/strong><\/li>\n<\/ol>\n\n\n\n<p>Ulga termomodernizacyjna przys\u0142uguje w\u0142a\u015bcicielom lub wsp\u00f3\u0142w\u0142a\u015bcicielom dom\u00f3w jednorodzinnych (w tym tak\u017ce w zabudowie szeregowej lub bli\u017aniaczej), <strong>kt\u00f3rzy ponios\u0105 wydatki<\/strong> zwi\u0105zane z termomodernizacj\u0105 swojego domu.<\/p>\n\n\n\n<p>Termomodernizacja obejmuje nast\u0119puj\u0105ce dzia\u0142ania:<\/p>\n\n\n\n<ol start=\"1\" class=\"wp-block-list\">\n<li><strong>Ulepszenie<\/strong>, kt\u00f3re<strong> zmniejsza zapotrzebowanie na energi\u0119<\/strong> niezb\u0119dn\u0105 do ogrzewania i podgrzewania wody u\u017cytkowej.<br><\/li>\n\n\n\n<li><strong>Zmniejszenie strat energii w sieciach<\/strong> ciep\u0142owniczych oraz w \u017ar\u00f3d\u0142ach ciep\u0142a, zasilaj\u0105cych te sieci, pod warunkiem, \u017ce budynki spe\u0142niaj\u0105 wymagania w zakresie oszcz\u0119dno\u015bci energii okre\u015blone w przepisach prawa budowlanego lub podj\u0119to dzia\u0142ania zmniejszaj\u0105ce zu\u017cycie energii.<br><\/li>\n\n\n\n<li><strong>Przy\u0142\u0105cze do scentralizowanego \u017ar\u00f3d\u0142a ciep\u0142a<\/strong> w miejsce lokalnego \u017ar\u00f3d\u0142a ciep\u0142a, co skutkuje obni\u017ceniem koszt\u00f3w pozyskiwania energii do ogrzewania budynk\u00f3w.<br><\/li>\n\n\n\n<li><strong>Zamiana <\/strong>\u017ar\u00f3de\u0142 energii<strong> na odnawialne<\/strong> &#8211; ca\u0142kowita lub cz\u0119\u015bciowa (np. panele fotowoltaiczne, pompy ciep\u0142a) lub zastosowanie wysokosprawnej kogeneracji (produkcja energii elektrycznej i ciep\u0142a w tym samym procesie).<\/li>\n<\/ol>\n\n\n\n<h4 class=\"wp-block-heading\"><strong>Kiedy odliczysz takie wydatki?<\/strong><\/h4>\n\n\n\n<p>Aby <strong>skorzysta\u0107 z ulgi<\/strong> termomodernizacyjnej, musisz spe\u0142ni\u0107 <strong>kilka warunk\u00f3w<\/strong> dotycz\u0105cych wydatk\u00f3w na termomodernizacj\u0119 domu:<\/p>\n\n\n\n<ol start=\"1\" class=\"wp-block-list\">\n<li>Wykaz materia\u0142\u00f3w i us\u0142ug:<br>\n<ul class=\"wp-block-list\">\n<li>Wydatki musz\u0105 dotyczy\u0107 materia\u0142\u00f3w budowlanych, urz\u0105dze\u0144 i us\u0142ug wymienionych w ustawie, kt\u00f3re dotycz\u0105 realizacji przedsi\u0119wzi\u0119\u0107 termomodernizacyjnych.<br><\/li>\n<\/ul>\n<\/li>\n\n\n\n<li>Czas realizacji przedsi\u0119wzi\u0119cia:<br>\n<ul class=\"wp-block-list\">\n<li>Termomodernizacja musi zosta\u0107 zako\u0144czona w ci\u0105gu 3 kolejnych lat, licz\u0105c od ko\u0144ca roku podatkowego, w kt\u00f3rym ponios\u0142e\u015b pierwszy wydatek.<br><\/li>\n<\/ul>\n<\/li>\n\n\n\n<li>Faktury:<br>\n<ul class=\"wp-block-list\">\n<li>Twoje wydatki musz\u0105 by\u0107 udokumentowane fakturami.<br><\/li>\n<\/ul>\n<\/li>\n\n\n\n<li>Brak odliczenia w innych miejscach:<br>\n<ul class=\"wp-block-list\">\n<li>Wydatki te nie mog\u0105 by\u0107 zaliczone do koszt\u00f3w uzyskania przychod\u00f3w ani odliczone na podstawie innych ulg podatkowych.<\/li>\n<\/ul>\n<\/li>\n<\/ol>\n\n\n\n<h4 class=\"wp-block-heading\"><strong>Jak skorzysta\u0107 i o czym nale\u017cy pami\u0119ta\u0107?<\/strong><\/h4>\n\n\n\n<ol start=\"1\" class=\"wp-block-list\">\n<li>Zidentyfikowanie odliczanych wydatk\u00f3w:<br>\n<ul class=\"wp-block-list\">\n<li>Ulg\u0119 mo\u017cesz odliczy\u0107 od dochodu na zeznaniach PIT-36, PIT-36L, PIT- 37 lub PIT-28, do kt\u00f3rych <strong>nale\u017cy<\/strong> do\u0142\u0105czy\u0107 za\u0142\u0105cznik PIT\/O,<br><\/li>\n\n\n\n<li>Kwota odliczenia <strong>nie mo\u017ce<\/strong> <strong>przekroczy\u0107 53 000 z\u0142<\/strong> w odniesieniu do wszystkich przedsi\u0119wzi\u0119\u0107 termomodernizacyjnych w danym budynku.<br><\/li>\n<\/ul>\n<\/li>\n\n\n\n<li>Kwota VAT:<br>\n<ul class=\"wp-block-list\">\n<li>Je\u015bli ponios\u0142e\u015b wydatki opodatkowane VAT, mo\u017cesz odliczy\u0107 r\u00f3wnie\u017c ten podatek, pod warunkiem, \u017ce <strong>nie<\/strong> odliczy\u0142e\u015b go gdzie indziej.<br><\/li>\n<\/ul>\n<\/li>\n\n\n\n<li>Odliczenie w kolejnych latach:<br>\n<ul class=\"wp-block-list\">\n<li>Je\u015bli w danym roku nie odliczysz <strong>ca\u0142ej kwoty<\/strong> wydatk\u00f3w na termomodernizacj\u0119, mo\u017cesz przenie\u015b\u0107 niezrealizowan\u0105 cz\u0119\u015b\u0107 odliczenia na kolejne lata. Mo\u017cesz to zrobi\u0107 przez <strong>6 lat<\/strong> od ko\u0144ca roku podatkowego, w kt\u00f3rym ponios\u0142e\u015b pierwszy wydatek.<br><\/li>\n<\/ul>\n<\/li>\n\n\n\n<li>Zwrot wydatk\u00f3w:<br>\n<ul class=\"wp-block-list\">\n<li>Je\u015bli <strong>nie zrealizujesz <\/strong>ca\u0142ego przedsi\u0119wzi\u0119cia termomodernizacyjnego w ci\u0105gu <strong>3 lat<\/strong> (licz\u0105c od ko\u0144ca roku, w kt\u00f3rym ponios\u0142e\u015b pierwszy wydatek), b\u0119dziesz <strong>zobowi\u0105zany<\/strong> do zwrotu ulgi. W takim przypadku musisz doliczy\u0107 kwot\u0119 ulgi do dochodu za rok podatkowy, w kt\u00f3rym up\u0142yn\u0105\u0142 3-letni okres.<br><\/li>\n<\/ul>\n<\/li>\n\n\n\n<li>Zwrot odliczonych wydatk\u00f3w:<br>\n<ul class=\"wp-block-list\">\n<li>Je\u015bli w roku nast\u0119puj\u0105cym po skorzystaniu z ulgi otrzymasz zwrot wydatk\u00f3w zwi\u0105zanych z termomodernizacj\u0105, musisz doliczy\u0107 t\u0119 kwot\u0119 do dochodu (przychodu) za rok, w kt\u00f3rym ten zwrot otrzymasz.<\/li>\n<\/ul>\n<\/li>\n<\/ol>\n\n\n\n<p>&nbsp;Mo\u017cesz r\u00f3wnie\u017c <strong>skorygowa\u0107<\/strong> wcze\u015bniej z\u0142o\u017cone zeznanie, w kt\u00f3rym zastosowa\u0142e\u015b ulg\u0119.<\/p>\n\n\n\n<ol start=\"3\" class=\"wp-block-list\">\n<li class=\"has-medium-font-size\"><strong>Ulga na internet<\/strong><\/li>\n<\/ol>\n\n\n\n<p>Pozwala na odliczenie wydatk\u00f3w zwi\u0105zanych z u\u017cytkowaniem internetu, c\u00f3\u017c, tu nikogo nie zaskoczyli\u015bmy, jednak obowi\u0105zuj\u0105 okre\u015blone warunki.<\/p>\n\n\n\n<h4 class=\"wp-block-heading\"><strong>Jakie to s\u0105 warunki ?<\/strong><\/h4>\n\n\n\n<p>Ulga przys\u0142uguje, je\u015bli uzyskujesz dochody opodatkowane wed\u0142ug skali podatkowej <strong>lub <\/strong>rycza\u0142tem ewidencjonowanym, to znaczy mo\u017cesz z niej skorzysta\u0107 sk\u0142adaj\u0105c PIT-28, PIT-36 lub PIT-37 razem z za\u0142\u0105cznikiem PIT\/O.<\/p>\n\n\n\n<p>Przys\u0142uguje <strong>tylko w przypadku<\/strong>, gdy <strong>nie<\/strong> korzysta\u0142e\u015b z tej ulgi w latach poprzednich albo po raz pierwszy skorzysta\u0142e\u015b z niej w zeznaniu za 2024 rok. Mo\u017cna z niej skorzysta\u0107 <strong>wy\u0142\u0105cznie w kolejno po sobie<\/strong> nast\u0119puj\u0105cych <strong>dw\u00f3ch latach<\/strong>.<\/p>\n\n\n\n<h4 class=\"wp-block-heading\"><strong>Limity odlicze\u0144<\/strong><\/h4>\n\n\n\n<p>Je\u015bli nie odliczysz wydatk\u00f3w w roku ich poniesienia z powodu braku dochodu, nie mo\u017cesz przenie\u015b\u0107 ich na kolejny rok<strong>. Odliczenie przys\u0142uguje tylko w roku poniesienia wydatk\u00f3w, zgodnie z przepisami.<\/strong><\/p>\n\n\n\n<p>Wydatki na internet mo\u017cesz odliczy\u0107 <strong>do wysoko\u015bci 760 z\u0142<\/strong> rocznie. To oznacza, \u017ce niezale\u017cnie od poniesionych wydatk\u00f3w, <strong>nie mo\u017cesz odliczy\u0107 wi\u0119cej<\/strong> ni\u017c 760 z\u0142 <strong>w jednym roku<\/strong>.<\/p>\n\n\n\n<p><strong>Limit ten dotyczy podatnika<\/strong>&nbsp;(osoby), tak wi\u0119c&nbsp;je\u017celi wydatek ponosz\u0105 <strong>ma\u0142\u017conkowi<\/strong>e, to ka\u017cdy ma prawo do max limitu, oczywi\u015bcie <strong>nie wi\u0119cej<\/strong> ni\u017c kwota wydatku poniesiona przez ka\u017cdego z nich. Tutaj jedno\u015b\u0107 nie ma zastosowania!<\/p>\n\n\n\n<h4 class=\"wp-block-heading\"><strong>Dokumentacja!<\/strong><\/h4>\n\n\n\n<p>Aby skorzysta\u0107 z ulgi internetowej, <strong>musisz <\/strong>posiada\u0107 odpowiedni\u0105 dokumentacj\u0119 potwierdzaj\u0105c\u0105 poniesienie wydatk\u00f3w na u\u017cytkowanie internetu, czyli najcz\u0119\u015bciej faktury od dostawcy internetu.<\/p>\n\n\n\n<ol start=\"4\" class=\"wp-block-list\">\n<li class=\"has-medium-font-size\"><strong><\/strong><strong>Ulga dla m\u0142odych<\/strong><\/li>\n<\/ol>\n\n\n\n<p>Masz mniej ni\u017c 26 lat? To idealnie. To w\u0142a\u015bnie Zerowy PIT dla m\u0142odych, czyli preferencja w podatku dochodowym od os\u00f3b fizycznych. Sprawd\u017a sobie te ulg\u0119.<\/p>\n\n\n\n<h4 class=\"wp-block-heading\"><strong>Czyli co to dla Ciebie oznacza?<\/strong><\/h4>\n\n\n\n<p>Je\u015bli masz <strong>mniej ni\u017c 26 lat<\/strong> i uzyska\u0142e\u015b przychody:<\/p>\n\n\n\n<ul class=\"wp-block-list\">\n<li>z pracy,<br><\/li>\n\n\n\n<li>z um\u00f3w zlecenia,<br><\/li>\n\n\n\n<li>z praktyk absolwenckich lub sta\u017cu uczniowskiego,<br><\/li>\n\n\n\n<li>z zasi\u0142ku macierzy\u0144skiego,<br><br>s\u0105 one <strong>zwolnione<\/strong> z podatku dochodowego <strong>do kwoty 85 528 z\u0142 rocznie. Nie p\u0142acisz podatku<\/strong> od tych przychod\u00f3w, niezale\u017cnie od liczby um\u00f3w czy p\u0142atnik\u00f3w.<\/li>\n<\/ul>\n\n\n\n<h4 class=\"wp-block-heading\"><br><strong>Czy musisz wtedy sk\u0142ada\u0107 gdzie\u015b zeznanie?<\/strong><\/h4>\n\n\n\n<p><strong>Nie<\/strong> musisz,<strong> je\u015bli<\/strong> wszystkie Twoje przychody s\u0105 obj\u0119te ulg\u0105.<br><br><strong>Wa\u017cne!<\/strong><br>Sk\u0142adki na ubezpieczenie spo\u0142eczne od przychod\u00f3w zwolnionych z podatku nie podlegaj\u0105 odliczeniu od dochodu. Osoby zobowi\u0105zane do op\u0142acania sk\u0142adek ZUS i zdrowotnych <strong>nadal musz\u0105<\/strong> je regulowa\u0107, mimo korzystania z ulgi w PIT.<\/p>\n\n\n\n<p><strong>Dla os\u00f3b w ma\u0142\u017ce\u0144stwie<\/strong> limit 85 528 z\u0142 obowi\u0105zuje osobno dla ka\u017cdego ma\u0142\u017conka, niezale\u017cnie od wsp\u00f3lnego lub indywidualnego rozliczenia.<\/p>\n\n\n\n<ol start=\"5\" class=\"wp-block-list\">\n<li class=\"has-medium-font-size\"><strong><\/strong><strong>Ulga IKZE<\/strong><\/li>\n<\/ol>\n\n\n\n<p>Czy wiedzia\u0142e\u015b, \u017ce mo\u017cesz gromadzi\u0107 \u015brodki pieni\u0119\u017cne (inwestowa\u0107 je) w ramach indywidualnego konta zabezpieczenia emerytalnego (IKZE) i jednocze\u015bnie skorzysta\u0107 z ulgi podatkowej? Ot\u00f3\u017c:<\/p>\n\n\n\n<p><strong>Wp\u0142aty<\/strong> mo\u017cna <strong>odliczy\u0107<\/strong> od:<\/p>\n\n\n\n<ul class=\"wp-block-list\">\n<li>dochodu opodatkowanego wed\u0142ug skali podatkowej (PIT-36 i PIT-37),<br><\/li>\n\n\n\n<li>dochodu opodatkowanego podatkiem liniowym (19%, PIT-36L),<br><\/li>\n\n\n\n<li>przychodu opodatkowanego rycza\u0142tem od przychod\u00f3w ewidencjonowanych (PIT-28).<\/li>\n<\/ul>\n\n\n\n<h4 class=\"wp-block-heading\"><strong>Kiedy przys\u0142uguje Ci ta ulga?<\/strong><\/h4>\n\n\n\n<p>&nbsp;Je\u015bli <strong>w trakcie roku<\/strong> dokona\u0142e\u015b wp\u0142at na IKZE. Proste co? Ale\u2026<\/p>\n\n\n\n<p><strong>Tutaj te\u017c mamy limity<\/strong><\/p>\n\n\n\n<p>Limit wp\u0142at na <strong>IKZE<\/strong> wynosi:<\/p>\n\n\n\n<ul class=\"wp-block-list\">\n<li><strong>1,2-krotno\u015b\u0107 prognozowanego przeci\u0119tnego wynagrodzenia<\/strong>,<\/li>\n\n\n\n<li><strong>1,8-krotno\u015b\u0107 tego wynagrodzenia dla os\u00f3b prowadz\u0105cych dzia\u0142alno\u015b\u0107 gospodarcz\u0105<\/strong>.<\/li>\n<\/ul>\n\n\n\n<p>Kwoty te ustala si\u0119 na podstawie prognoz zawartych w ustawie bud\u017cetowej lub jej projektach.<\/p>\n\n\n\n<p><strong>Oznacza to, \u017ce maksymalny limit wp\u0142at na IKZE w 2026 roku wynosi:<\/strong><\/p>\n\n\n\n<ul class=\"wp-block-list\">\n<li><strong>11\u00a0304 z\u0142.<\/strong><br><\/li>\n\n\n\n<li><strong>16 956\u00a0\u00a0z\u0142.<\/strong><em>(dla os\u00f3b, kt\u00f3re prowadz\u0105 pozarolnicz\u0105 dzia\u0142alno\u015b\u0107 gospodarcz\u0105)<\/em><\/li>\n<\/ul>\n\n\n\n<h4 class=\"wp-block-heading\"><strong>Musisz wszystko udowodni\u0107<\/strong><\/h4>\n\n\n\n<p>Polega to wszystko na posiadaniu wszelkiego rodzaju dokument\u00f3w, kt\u00f3re <strong>potwierdzaj\u0105 <\/strong>wp\u0142aty na IKZE. Mo\u017ce to by\u0107 potwierdzenie przelewu albo podsumowanie konta dostarczone przez fundusz, w kt\u00f3rym masz swoje konto IKZE. To wszystko!<\/p>\n\n\n\n<ol start=\"6\" class=\"wp-block-list\">\n<li class=\"has-medium-font-size\"><strong><\/strong><strong>Ulga dla pracuj\u0105cych senior\u00f3w<\/strong><\/li>\n<\/ol>\n\n\n\n<p>O co chodzi? C\u00f3\u017c, jak sama nazwa m\u00f3wi, polega ona na zwolnieniu od podatku dochodowego <strong>przychod\u00f3w<\/strong> osi\u0105gni\u0119tych przez senior\u00f3w, <strong>do kwoty 85 528 z\u0142<\/strong>, <strong>z r\u00f3\u017cnych \u017ar\u00f3de\u0142<\/strong>, takich jak:<\/p>\n\n\n\n<ul class=\"wp-block-list\">\n<li>praca na etacie (umowa o prac\u0119, stosunek s\u0142u\u017cbowy, praca nak\u0142adcza, sp\u00f3\u0142dzielczy stosunek pracy),<br><\/li>\n\n\n\n<li>umowa zlecenie,<br><\/li>\n\n\n\n<li>dzia\u0142alno\u015b\u0107 gospodarcza.<\/li>\n<\/ul>\n\n\n\n<h4 class=\"wp-block-heading\"><strong>Kto mo\u017ce skorzysta\u0107?<\/strong><\/h4>\n\n\n\n<p>Mo\u017cesz skorzysta\u0107 z ulgi, je\u017celi jeste\u015b:<\/p>\n\n\n\n<ul class=\"wp-block-list\">\n<li><strong>kobiet\u0105<\/strong> <strong>powy\u017cej 60. roku<\/strong> \u017cycia lub<br><\/li>\n\n\n\n<li><strong>m\u0119\u017cczyzn\u0105 powy\u017cej 65. roku<\/strong> \u017cycia<\/li>\n<\/ul>\n\n\n\n<p>i, pomimo nabycia uprawnienia, <strong>nie <\/strong>otrzymujesz emerytury, renty rodzinnej lub innego \u015bwiadczenia pieni\u0119\u017cnego (np. z s\u0142u\u017cb mundurowych).<\/p>\n\n\n\n<ol start=\"7\" class=\"wp-block-list\">\n<li class=\"has-medium-font-size\"><strong><\/strong><strong>Ulga na powr\u00f3t<\/strong><\/li>\n<\/ol>\n\n\n\n<p>Tutaj ulga zwalnia od podatku dochodowego przychod\u00f3w, <strong>maksymalnie<\/strong> do kwoty <strong>85 528 z\u0142<\/strong>, osi\u0105gni\u0119tych przez Ciebie po powrocie do Polski.<\/p>\n\n\n\n<p><strong>Obejmuje przychody z:<\/strong><\/p>\n\n\n\n<ul class=\"wp-block-list\">\n<li>Pracy na etacie.<br><\/li>\n\n\n\n<li>Umowy zlecenia.<br><\/li>\n\n\n\n<li>Dzia\u0142alno\u015bci gospodarczej.<br><\/li>\n\n\n\n<li>Zasi\u0142ku macierzy\u0144skiego.<\/li>\n<\/ul>\n\n\n\n<h4 class=\"wp-block-heading\"><strong>Kto mo\u017ce z niej skorzysta\u0107?<\/strong><\/h4>\n\n\n\n<p><strong>&nbsp;Taka osoba<\/strong>, kt\u00f3ra spe\u0142nia nast\u0119puj\u0105ce <strong>warunki<\/strong>:<\/p>\n\n\n\n<ul class=\"wp-block-list\">\n<li>Po 31 grudnia 2021 r. przeniesienie miejsca zamieszkania do Polski i uzyskanie statusu <strong>polskiego rezydenta podatkowego.<\/strong><br><\/li>\n\n\n\n<li>Brak miejsca zamieszkania w Polsce <strong>przez 3 lata<\/strong> przed rokiem zmiany rezydencji i do dnia jej dokonania.<br><\/li>\n\n\n\n<li>Polskie obywatelstwo, Karta Polaka, obywatelstwo UE\/EOG\/Szwajcarii lub status <strong>rezydenta podatkowego<\/strong> w tych pa\u0144stwach (np. Australia, USA, Kanada, Japonia). Oznacza to, \u017ce z tej ulgi mog\u0105 skorzysta\u0107 tak\u017ce obcokrajowcy, kt\u00f3rzy w ostatnim czasie przeprowadzili si\u0119 do Polski!<br><\/li>\n\n\n\n<li><strong>Certyfikat rezydencji<\/strong> lub dokument potwierdzaj\u0105cy miejsce zamieszkania.<br><\/li>\n\n\n\n<li><strong>Nie<\/strong> korzysta\u0142a wcze\u015bniej z tego zwolnienia w ca\u0142o\u015bci lub cz\u0119\u015bci.<\/li>\n<\/ul>\n\n\n\n<h4 class=\"wp-block-heading\"><strong>Od kiedy ulga mo\u017ce by\u0107 stosowana?<\/strong><\/h4>\n\n\n\n<p>Ulga na powr\u00f3t mo\u017ce by\u0107 stosowana przez <strong>cztery kolejno<\/strong> po sobie nast\u0119puj\u0105ce lata, licz\u0105c od:<\/p>\n\n\n\n<ul class=\"wp-block-list\">\n<li>pocz\u0105tku roku, w kt\u00f3rym zmieni\u0142e\u015b miejsce zamieszkania na terytorium Polski, lub<br><\/li>\n\n\n\n<li>pocz\u0105tku roku nast\u0119pnego po zmianie miejsca zamieszkania.<\/li>\n<\/ul>\n\n\n\n<p>Do zobaczenia w Polsce!<\/p>\n\n\n\n<ol start=\"8\" class=\"wp-block-list\">\n<li class=\"has-medium-font-size\"><strong><\/strong><strong>Ulga dla rodzin +4<\/strong><\/li>\n<\/ol>\n\n\n\n<p><strong>Masz du\u017c\u0105 rodzin\u0119?<\/strong> To mo\u017ce Ci\u0119 zainteresowa\u0107! Przys\u0142uguje zwolnienie z podatku dochodowego od os\u00f3b fizycznych dla cz\u0119\u015bci przychod\u00f3w uzyskanych przez podatnik\u00f3w, kt\u00f3rzy w danym roku podatkowym wychowywali <strong>co najmniej czworo dzieci.<\/strong><\/p>\n\n\n\n<p><strong>Maksymalnie <\/strong>do kwoty <strong>85 528 z\u0142 <\/strong>z nast\u0119puj\u0105cych \u017ar\u00f3de\u0142:<\/p>\n\n\n\n<ul class=\"wp-block-list\">\n<li>Praca na etacie.<br><\/li>\n\n\n\n<li>Umowa zlecenie.<br><\/li>\n\n\n\n<li>Dzia\u0142alno\u015b\u0107 gospodarcza.<br><\/li>\n\n\n\n<li>Zasi\u0142ek macierzy\u0144ski.<\/li>\n<\/ul>\n\n\n\n<p><strong>Warto pami\u0119ta\u0107,<\/strong> \u017ce zwolnieniu od podatku podlega kwota przychod\u00f3w nieprzekraczaj\u0105ca 85 528 z\u0142 w roku podatkowym, <strong>u ka\u017cdego z rodzic\u00f3w lub opiekun\u00f3w prawnych<\/strong>.<\/p>\n\n\n\n<h4 class=\"wp-block-heading\"><strong>Jakich dzieci dotyczy ulga? Czyli zasady<\/strong><\/h4>\n\n\n\n<p>Ulga przys\u0142uguje w zwi\u0105zku z wychowywaniem dzieci:<\/p>\n\n\n\n<ul class=\"wp-block-list\">\n<li><strong>Ma\u0142oletnich<\/strong>, bez wzgl\u0119du na wysoko\u015b\u0107 ich rocznych dochod\u00f3w,<br><\/li>\n\n\n\n<li><strong>Pe\u0142noletnich<\/strong>, otrzymuj\u0105cych zasi\u0142ek (dodatek) piel\u0119gnacyjny lub rent\u0119 socjaln\u0105, bez wzgl\u0119du na wysoko\u015b\u0107 ich rocznych dochod\u00f3w,<br><\/li>\n\n\n\n<li><strong>Pe\u0142noletnich do uko\u0144czenia 25. roku \u017cycia<\/strong>, ucz\u0105ce si\u0119 w kraju lub za granic\u0105 <strong>nie osi\u0105gn\u0119\u0142o <\/strong>w roku podatkowym przychod\u00f3w przekraczaj\u0105cych <strong>19 061,28 z\u0142<\/strong>.<\/li>\n<\/ul>\n\n\n\n<p><strong>Co ciekawe<\/strong>, aby skorzysta\u0107 z ulgi dla rodzin 4+, nie trzeba mie\u0107 czworga dzieci przez ca\u0142y rok podatkowy. Je\u015bli np. czwarte dziecko urodzi\u0142o si\u0119 w grudniu, podatnik <strong>w zeznaniu<\/strong> za ten rok nadal mo\u017ce skorzysta\u0107 z ulgi.<\/p>\n\n\n\n<ol start=\"9\" class=\"wp-block-list\">\n<li class=\"has-medium-font-size\"><strong><\/strong><strong>Darowizny OPP<\/strong><\/li>\n<\/ol>\n\n\n\n<p>Przejd\u017amy do konkret\u00f3w. Ulga na darowizny dla organizacji po\u017cytku publicznego (OPP) <strong>przys\u0142uguje<\/strong>, je\u015bli przekaza\u0142e\u015b darowizn\u0119 na cele okre\u015blone w ustawie o dzia\u0142alno\u015bci po\u017cytku publicznego i wolontariacie.<\/p>\n\n\n\n<p>Darowizn\u0119 <strong>mo\u017cesz przekaza\u0107<\/strong> na rzecz:<\/p>\n\n\n\n<ol start=\"1\" class=\"wp-block-list\">\n<li>Organizacji pozarz\u0105dowych (np. fundacji i stowarzysze\u0144), kt\u00f3re:<br>\n<ul class=\"wp-block-list\">\n<li><strong>nie<\/strong> s\u0105 jednostkami sektora finans\u00f3w publicznych,<br><\/li>\n\n\n\n<li><strong>nie<\/strong> dzia\u0142aj\u0105 w celu osi\u0105gni\u0119cia zysku,<br><\/li>\n\n\n\n<li>obejmuj\u0105 r\u00f3wnie\u017c ko\u015bcio\u0142y, stowarzyszenia jednostek samorz\u0105du terytorialnego i sp\u00f3\u0142dzielnie socjalne.<br><\/li>\n<\/ul>\n<\/li>\n\n\n\n<li>R\u00f3wnowa\u017cnych organizacji dzia\u0142aj\u0105cych w innych pa\u0144stwach cz\u0142onkowskich Unii Europejskiej (UE) lub pa\u0144stwach nale\u017c\u0105cych do Europejskiego Obszaru Gospodarczego (EOG), kt\u00f3re prowadz\u0105 dzia\u0142alno\u015b\u0107 po\u017cytku publicznego i realizuj\u0105 cele z zakresu zada\u0144 publicznych.<\/li>\n<\/ol>\n\n\n\n<h4 class=\"wp-block-heading\"><strong>Jakie zasady?<\/strong><\/h4>\n\n\n\n<p>Ulga na darowizny<strong> przys\u0142uguje<\/strong>, je\u015bli uzyskujesz <strong>dochody opodatkowane<\/strong>:<\/p>\n\n\n\n<ol class=\"wp-block-list\">\n<li>Wed\u0142ug skali podatkowej (12% lub 32%), czyli sk\u0142adasz PIT-36 lub PIT-37.<br><\/li>\n\n\n\n<li>Rycza\u0142tem ewidencjonowanym, czyli sk\u0142adasz PIT-28.<\/li>\n<\/ol>\n\n\n\n<p><strong>Odliczenie <\/strong>darowizn jest ograniczone do <strong>6% twojego dochodu lub przychodu<\/strong>. Mo\u017cesz odliczy\u0107 faktycznie przekazan\u0105 darowizn\u0119, jednak <strong>nie mo\u017ce<\/strong> ona przekroczy\u0107 tego limitu.<br><br>Odliczy\u0107 darowizny mog\u0105 te\u017c <strong>sp\u00f3\u0142ki opodatkowane CITem<\/strong>. W ich przypadki limit wynosi <strong>10% dochodu.<\/strong><\/p>\n\n\n\n<p><strong>Uwaga<\/strong>: Kwoty, kt\u00f3rej <strong>nie odliczy\u0142e\u015b<\/strong> w zeznaniu podatkowym &#8211; poniewa\u017c <strong>nie mia\u0142e\u015b<\/strong> wystarczaj\u0105cych dochod\u00f3w (przychod\u00f3w) &#8211; <strong>nie mo\u017cesz odliczy\u0107 w kolejnych latach.<\/strong><\/p>\n\n\n\n<h4 class=\"wp-block-heading\"><strong>Jak dokumentowa\u0107 prawo do ulgi w tym wypadku?<\/strong><\/h4>\n\n\n\n<ol start=\"1\" class=\"wp-block-list\">\n<li><strong>Darowizna pieni\u0119\u017cna<\/strong>: dow\u00f3d wp\u0142aty na rachunek p\u0142atniczy obdarowanego.<\/li>\n<\/ol>\n\n\n\n<ol start=\"2\" class=\"wp-block-list\">\n<li><strong>Darowizna niepieni\u0119\u017cna<\/strong>: dow\u00f3d z danymi identyfikuj\u0105cymi darczy\u0144c\u0119 i warto\u015b\u0107 darowizny oraz o\u015bwiadczenie obdarowanego o jej przyj\u0119ciu.<\/li>\n<\/ol>\n\n\n\n<p>Je\u015bli darowizna zosta\u0142a przekazana organizacji po\u017cytku publicznego z UE lub EOG, mo\u017cesz j\u0105 odliczy\u0107, je\u015bli:<\/p>\n\n\n\n<ul class=\"wp-block-list\">\n<li>Organizacja posiada <strong>o\u015bwiadczenie<\/strong>, \u017ce dzia\u0142a zgodnie z polskimi przepisami o dzia\u0142alno\u015bci po\u017cytku publicznego.<br><\/li>\n\n\n\n<li>Istnieje podstawa prawna (np. umowa o unikaniu podw\u00f3jnego opodatkowania) umo\u017cliwiaj\u0105ca organowi podatkowemu pozyskanie informacji z kraju, gdzie organizacja ma siedzib\u0119.<br><\/li>\n<\/ul>\n\n\n\n<h4 class=\"wp-block-heading\"><strong>Przyjazna tabelka<\/strong><\/h4>\n\n\n\n<p>Dodatkowo przygotowali\u015bmy dla Ciebie praktyczn\u0105 tabel\u0119, w kt\u00f3rej w przejrzysty spos\u00f3b przedstawiamy, kt\u00f3re ulgi s\u0105 dost\u0119pne w konkretnych deklaracjach PIT. Pozwoli Ci to zobaczy\u0107 kt\u00f3re ulgi mo\u017cesz bra\u0107 pod uwag\u0119 przy wype\u0142nianiu danego PITa.<br><br>Je\u015bli chcesz zg\u0142\u0119bi\u0107 temat PIT-\u00f3w, zapraszamy do naszego <strong><a href=\"https:\/\/compacc.tax\/pl\/blog\/rozliczenie-dochodow-w-polsce\/\" target=\"_blank\" rel=\"noreferrer noopener\">artyku\u0142u<\/a><\/strong>. Dzi\u0119ki niemu dowiesz si\u0119 jaki PIT musisz z\u0142o\u017cy\u0107 dla konkretnych dochod\u00f3w.<\/p>\n\n\n\n<figure class=\"wp-block-image size-full\"><img fetchpriority=\"high\" decoding=\"async\" width=\"1024\" height=\"768\" src=\"https:\/\/compacc.tax\/wp-content\/uploads\/2025\/02\/2-1.png\" alt=\"\" class=\"wp-image-1163\" srcset=\"https:\/\/compacc.tax\/wp-content\/uploads\/2025\/02\/2-1.png 1024w, https:\/\/compacc.tax\/wp-content\/uploads\/2025\/02\/2-1-300x225.png 300w, https:\/\/compacc.tax\/wp-content\/uploads\/2025\/02\/2-1-768x576.png 768w\" sizes=\"(max-width: 1024px) 100vw, 1024px\" \/><\/figure>\n\n\n\n<h4 class=\"wp-block-heading\"><br><strong>Podsumujmy je<\/strong><\/h4>\n\n\n\n<p>Ulgi podatkowe to skuteczny spos\u00f3b na optymalizacj\u0119 finans\u00f3w, cho\u0107 ich zasady bywaj\u0105 zawi\u0142e. To nic zaskakuj\u0105cego. W tym artykule przedstawili\u015bmy kluczowe informacje, kt\u00f3re pomog\u0105 Ci wst\u0119pnie zorientowa\u0107 si\u0119, jakie ulgi mog\u0105 by\u0107 dla Ciebie dost\u0119pne.<\/p>\n\n\n\n<p><strong>Skorzystanie z ulg zgodnie z przepisami to jednak zupe\u0142nie inna sprawa.<\/strong> Na szcz\u0119\u015bcie nie musisz si\u0119 tym martwi\u0107 \u2013 jako biuro rachunkowe doskonale radzimy sobie z formalno\u015bciami i pomo\u017cemy Ci przej\u015b\u0107 przez ca\u0142y proces krok po kroku.<\/p>\n\n\n\n<p>Je\u015bli zastanawiasz si\u0119 jeszcze, kt\u00f3re Ci przys\u0142uguj\u0105, jak je prawid\u0142owo wykorzysta\u0107 lub jakie dokumenty przygotowa\u0107, jeste\u015bmy tu, aby Ci pom\u00f3c<strong>! Skontaktuj si\u0119 z nami, a razem znajdziemy najlepsze rozwi\u0105zanie dla Ciebie.<\/strong><br><br><em>Zaktualizowano 30\/01\/2025<\/em><\/p>\n","protected":false},"excerpt":{"rendered":"<p>Poznaj kluczowe ulgi podatkowe w Polsce oraz dowiedz si\u0119 jak z nich skorzysta\u0107. Zaoszcz\u0119d\u017a na podatkach dzi\u0119ki prostym rozwi\u0105zaniom!<\/p>\n","protected":false},"author":3,"featured_media":1029,"comment_status":"open","ping_status":"open","sticky":false,"template":"","format":"standard","meta":{"footnotes":""},"categories":[24],"tags":[28,105,34,106],"class_list":["post-1027","post","type-post","status-publish","format-standard","has-post-thumbnail","hentry","category-podatki","tag-bizneswpolsce","tag-koszty","tag-podatki","tag-ulgi"],"yoast_head":"<!-- This site is optimized with the Yoast SEO plugin v27.4 - https:\/\/yoast.com\/product\/yoast-seo-wordpress\/ -->\n<title>ULGI PODATKOWE, KT\u00d3RE MUSISZ ZNA\u0106 - PRZEWODNIK.<\/title>\n<meta name=\"description\" content=\"Poznaj kluczowe ulgi podatkowe w Polsce oraz dowiedz si\u0119 jak z nich skorzysta\u0107. Zaoszcz\u0119d\u017a na podatkach dzi\u0119ki prostym rozwi\u0105zaniom!\" \/>\n<meta name=\"robots\" content=\"index, follow, max-snippet:-1, max-image-preview:large, max-video-preview:-1\" \/>\n<link rel=\"canonical\" href=\"https:\/\/compacc.tax\/pl\/blog\/kluczowe-ulgi-podatkowe-w-polsce\/\" \/>\n<meta property=\"og:locale\" content=\"pl_PL\" \/>\n<meta property=\"og:type\" content=\"article\" \/>\n<meta property=\"og:title\" content=\"ULGI PODATKOWE, KT\u00d3RE MUSISZ ZNA\u0106 - PRZEWODNIK.\" \/>\n<meta property=\"og:description\" content=\"Poznaj kluczowe ulgi podatkowe w Polsce oraz dowiedz si\u0119 jak z nich skorzysta\u0107. Zaoszcz\u0119d\u017a na podatkach dzi\u0119ki prostym rozwi\u0105zaniom!\" \/>\n<meta property=\"og:url\" content=\"https:\/\/compacc.tax\/pl\/blog\/kluczowe-ulgi-podatkowe-w-polsce\/\" \/>\n<meta property=\"og:site_name\" content=\"Compacc: Complete Accountant\" \/>\n<meta property=\"article:published_time\" content=\"2024-12-19T12:14:00+00:00\" \/>\n<meta property=\"article:modified_time\" content=\"2026-02-11T13:40:28+00:00\" \/>\n<meta property=\"og:image\" content=\"https:\/\/compacc.tax\/wp-content\/uploads\/2024\/12\/17.png\" \/>\n\t<meta property=\"og:image:width\" content=\"2240\" \/>\n\t<meta property=\"og:image:height\" content=\"1260\" \/>\n\t<meta property=\"og:image:type\" content=\"image\/png\" \/>\n<meta name=\"author\" content=\"Rafal Szpin\" \/>\n<meta name=\"twitter:card\" content=\"summary_large_image\" \/>\n<meta name=\"twitter:label1\" content=\"Napisane przez\" \/>\n\t<meta name=\"twitter:data1\" content=\"Rafal Szpin\" \/>\n\t<meta name=\"twitter:label2\" content=\"Szacowany czas czytania\" \/>\n\t<meta name=\"twitter:data2\" content=\"14 minut\" \/>\n<script type=\"application\/ld+json\" class=\"yoast-schema-graph\">{\"@context\":\"https:\\\/\\\/schema.org\",\"@graph\":[{\"@type\":\"Article\",\"@id\":\"https:\\\/\\\/compacc.tax\\\/pl\\\/blog\\\/kluczowe-ulgi-podatkowe-w-polsce\\\/#article\",\"isPartOf\":{\"@id\":\"https:\\\/\\\/compacc.tax\\\/pl\\\/blog\\\/kluczowe-ulgi-podatkowe-w-polsce\\\/\"},\"author\":{\"name\":\"Rafal Szpin\",\"@id\":\"https:\\\/\\\/compacc.tax\\\/pl\\\/#\\\/schema\\\/person\\\/26111696fced602b9032ff4eb4e9c0b2\"},\"headline\":\"POZNAJ TERAZ\u00a09 KLUCZOWYCH ULG PODATKOWYCH!\",\"datePublished\":\"2024-12-19T12:14:00+00:00\",\"dateModified\":\"2026-02-11T13:40:28+00:00\",\"mainEntityOfPage\":{\"@id\":\"https:\\\/\\\/compacc.tax\\\/pl\\\/blog\\\/kluczowe-ulgi-podatkowe-w-polsce\\\/\"},\"wordCount\":2627,\"commentCount\":0,\"publisher\":{\"@id\":\"https:\\\/\\\/compacc.tax\\\/pl\\\/#organization\"},\"image\":{\"@id\":\"https:\\\/\\\/compacc.tax\\\/pl\\\/blog\\\/kluczowe-ulgi-podatkowe-w-polsce\\\/#primaryimage\"},\"thumbnailUrl\":\"https:\\\/\\\/compacc.tax\\\/wp-content\\\/uploads\\\/2024\\\/12\\\/17.png\",\"keywords\":[\"bizneswPolsce\",\"koszty\",\"podatki\",\"ulgi\"],\"articleSection\":[\"Podatki\"],\"inLanguage\":\"pl-PL\"},{\"@type\":\"WebPage\",\"@id\":\"https:\\\/\\\/compacc.tax\\\/pl\\\/blog\\\/kluczowe-ulgi-podatkowe-w-polsce\\\/\",\"url\":\"https:\\\/\\\/compacc.tax\\\/pl\\\/blog\\\/kluczowe-ulgi-podatkowe-w-polsce\\\/\",\"name\":\"ULGI PODATKOWE, KT\u00d3RE MUSISZ ZNA\u0106 - PRZEWODNIK.\",\"isPartOf\":{\"@id\":\"https:\\\/\\\/compacc.tax\\\/pl\\\/#website\"},\"primaryImageOfPage\":{\"@id\":\"https:\\\/\\\/compacc.tax\\\/pl\\\/blog\\\/kluczowe-ulgi-podatkowe-w-polsce\\\/#primaryimage\"},\"image\":{\"@id\":\"https:\\\/\\\/compacc.tax\\\/pl\\\/blog\\\/kluczowe-ulgi-podatkowe-w-polsce\\\/#primaryimage\"},\"thumbnailUrl\":\"https:\\\/\\\/compacc.tax\\\/wp-content\\\/uploads\\\/2024\\\/12\\\/17.png\",\"datePublished\":\"2024-12-19T12:14:00+00:00\",\"dateModified\":\"2026-02-11T13:40:28+00:00\",\"description\":\"Poznaj kluczowe ulgi podatkowe w Polsce oraz dowiedz si\u0119 jak z nich skorzysta\u0107. Zaoszcz\u0119d\u017a na podatkach dzi\u0119ki prostym rozwi\u0105zaniom!\",\"breadcrumb\":{\"@id\":\"https:\\\/\\\/compacc.tax\\\/pl\\\/blog\\\/kluczowe-ulgi-podatkowe-w-polsce\\\/#breadcrumb\"},\"inLanguage\":\"pl-PL\",\"potentialAction\":[{\"@type\":\"ReadAction\",\"target\":[\"https:\\\/\\\/compacc.tax\\\/pl\\\/blog\\\/kluczowe-ulgi-podatkowe-w-polsce\\\/\"]}]},{\"@type\":\"ImageObject\",\"inLanguage\":\"pl-PL\",\"@id\":\"https:\\\/\\\/compacc.tax\\\/pl\\\/blog\\\/kluczowe-ulgi-podatkowe-w-polsce\\\/#primaryimage\",\"url\":\"https:\\\/\\\/compacc.tax\\\/wp-content\\\/uploads\\\/2024\\\/12\\\/17.png\",\"contentUrl\":\"https:\\\/\\\/compacc.tax\\\/wp-content\\\/uploads\\\/2024\\\/12\\\/17.png\",\"width\":2240,\"height\":1260,\"caption\":\"KLUCZOWE ULGI PODATKOWE\"},{\"@type\":\"BreadcrumbList\",\"@id\":\"https:\\\/\\\/compacc.tax\\\/pl\\\/blog\\\/kluczowe-ulgi-podatkowe-w-polsce\\\/#breadcrumb\",\"itemListElement\":[{\"@type\":\"ListItem\",\"position\":1,\"name\":\"Strona g\u0142\u00f3wna\",\"item\":\"https:\\\/\\\/compacc.tax\\\/pl\\\/\"},{\"@type\":\"ListItem\",\"position\":2,\"name\":\"POZNAJ TERAZ\u00a09 KLUCZOWYCH ULG PODATKOWYCH!\"}]},{\"@type\":\"WebSite\",\"@id\":\"https:\\\/\\\/compacc.tax\\\/pl\\\/#website\",\"url\":\"https:\\\/\\\/compacc.tax\\\/pl\\\/\",\"name\":\"CompAcc: Complete Accountant\",\"description\":\"\",\"publisher\":{\"@id\":\"https:\\\/\\\/compacc.tax\\\/pl\\\/#organization\"},\"potentialAction\":[{\"@type\":\"SearchAction\",\"target\":{\"@type\":\"EntryPoint\",\"urlTemplate\":\"https:\\\/\\\/compacc.tax\\\/pl\\\/?s={search_term_string}\"},\"query-input\":{\"@type\":\"PropertyValueSpecification\",\"valueRequired\":true,\"valueName\":\"search_term_string\"}}],\"inLanguage\":\"pl-PL\"},{\"@type\":\"Organization\",\"@id\":\"https:\\\/\\\/compacc.tax\\\/pl\\\/#organization\",\"name\":\"Compacc Tax\",\"url\":\"https:\\\/\\\/compacc.tax\\\/pl\\\/\",\"logo\":{\"@type\":\"ImageObject\",\"inLanguage\":\"pl-PL\",\"@id\":\"https:\\\/\\\/compacc.tax\\\/pl\\\/#\\\/schema\\\/logo\\\/image\\\/\",\"url\":\"https:\\\/\\\/compacc.tax\\\/wp-content\\\/uploads\\\/2023\\\/12\\\/compacc-logo.svg\",\"contentUrl\":\"https:\\\/\\\/compacc.tax\\\/wp-content\\\/uploads\\\/2023\\\/12\\\/compacc-logo.svg\",\"width\":141,\"height\":37,\"caption\":\"Compacc Tax\"},\"image\":{\"@id\":\"https:\\\/\\\/compacc.tax\\\/pl\\\/#\\\/schema\\\/logo\\\/image\\\/\"}},{\"@type\":\"Person\",\"@id\":\"https:\\\/\\\/compacc.tax\\\/pl\\\/#\\\/schema\\\/person\\\/26111696fced602b9032ff4eb4e9c0b2\",\"name\":\"Rafal Szpin\",\"description\":\"Founder and CEO\",\"sameAs\":[\"https:\\\/\\\/www.linkedin.com\\\/in\\\/rafal-szpin\\\/\"]}]}<\/script>\n<!-- \/ Yoast SEO plugin. -->","yoast_head_json":{"title":"ULGI PODATKOWE, KT\u00d3RE MUSISZ ZNA\u0106 - PRZEWODNIK.","description":"Poznaj kluczowe ulgi podatkowe w Polsce oraz dowiedz si\u0119 jak z nich skorzysta\u0107. Zaoszcz\u0119d\u017a na podatkach dzi\u0119ki prostym rozwi\u0105zaniom!","robots":{"index":"index","follow":"follow","max-snippet":"max-snippet:-1","max-image-preview":"max-image-preview:large","max-video-preview":"max-video-preview:-1"},"canonical":"https:\/\/compacc.tax\/pl\/blog\/kluczowe-ulgi-podatkowe-w-polsce\/","og_locale":"pl_PL","og_type":"article","og_title":"ULGI PODATKOWE, KT\u00d3RE MUSISZ ZNA\u0106 - PRZEWODNIK.","og_description":"Poznaj kluczowe ulgi podatkowe w Polsce oraz dowiedz si\u0119 jak z nich skorzysta\u0107. Zaoszcz\u0119d\u017a na podatkach dzi\u0119ki prostym rozwi\u0105zaniom!","og_url":"https:\/\/compacc.tax\/pl\/blog\/kluczowe-ulgi-podatkowe-w-polsce\/","og_site_name":"Compacc: Complete Accountant","article_published_time":"2024-12-19T12:14:00+00:00","article_modified_time":"2026-02-11T13:40:28+00:00","og_image":[{"width":2240,"height":1260,"url":"https:\/\/compacc.tax\/wp-content\/uploads\/2024\/12\/17.png","type":"image\/png"}],"author":"Rafal Szpin","twitter_card":"summary_large_image","twitter_misc":{"Napisane przez":"Rafal Szpin","Szacowany czas czytania":"14 minut"},"schema":{"@context":"https:\/\/schema.org","@graph":[{"@type":"Article","@id":"https:\/\/compacc.tax\/pl\/blog\/kluczowe-ulgi-podatkowe-w-polsce\/#article","isPartOf":{"@id":"https:\/\/compacc.tax\/pl\/blog\/kluczowe-ulgi-podatkowe-w-polsce\/"},"author":{"name":"Rafal Szpin","@id":"https:\/\/compacc.tax\/pl\/#\/schema\/person\/26111696fced602b9032ff4eb4e9c0b2"},"headline":"POZNAJ TERAZ\u00a09 KLUCZOWYCH ULG PODATKOWYCH!","datePublished":"2024-12-19T12:14:00+00:00","dateModified":"2026-02-11T13:40:28+00:00","mainEntityOfPage":{"@id":"https:\/\/compacc.tax\/pl\/blog\/kluczowe-ulgi-podatkowe-w-polsce\/"},"wordCount":2627,"commentCount":0,"publisher":{"@id":"https:\/\/compacc.tax\/pl\/#organization"},"image":{"@id":"https:\/\/compacc.tax\/pl\/blog\/kluczowe-ulgi-podatkowe-w-polsce\/#primaryimage"},"thumbnailUrl":"https:\/\/compacc.tax\/wp-content\/uploads\/2024\/12\/17.png","keywords":["bizneswPolsce","koszty","podatki","ulgi"],"articleSection":["Podatki"],"inLanguage":"pl-PL"},{"@type":"WebPage","@id":"https:\/\/compacc.tax\/pl\/blog\/kluczowe-ulgi-podatkowe-w-polsce\/","url":"https:\/\/compacc.tax\/pl\/blog\/kluczowe-ulgi-podatkowe-w-polsce\/","name":"ULGI PODATKOWE, KT\u00d3RE MUSISZ ZNA\u0106 - PRZEWODNIK.","isPartOf":{"@id":"https:\/\/compacc.tax\/pl\/#website"},"primaryImageOfPage":{"@id":"https:\/\/compacc.tax\/pl\/blog\/kluczowe-ulgi-podatkowe-w-polsce\/#primaryimage"},"image":{"@id":"https:\/\/compacc.tax\/pl\/blog\/kluczowe-ulgi-podatkowe-w-polsce\/#primaryimage"},"thumbnailUrl":"https:\/\/compacc.tax\/wp-content\/uploads\/2024\/12\/17.png","datePublished":"2024-12-19T12:14:00+00:00","dateModified":"2026-02-11T13:40:28+00:00","description":"Poznaj kluczowe ulgi podatkowe w Polsce oraz dowiedz si\u0119 jak z nich skorzysta\u0107. Zaoszcz\u0119d\u017a na podatkach dzi\u0119ki prostym rozwi\u0105zaniom!","breadcrumb":{"@id":"https:\/\/compacc.tax\/pl\/blog\/kluczowe-ulgi-podatkowe-w-polsce\/#breadcrumb"},"inLanguage":"pl-PL","potentialAction":[{"@type":"ReadAction","target":["https:\/\/compacc.tax\/pl\/blog\/kluczowe-ulgi-podatkowe-w-polsce\/"]}]},{"@type":"ImageObject","inLanguage":"pl-PL","@id":"https:\/\/compacc.tax\/pl\/blog\/kluczowe-ulgi-podatkowe-w-polsce\/#primaryimage","url":"https:\/\/compacc.tax\/wp-content\/uploads\/2024\/12\/17.png","contentUrl":"https:\/\/compacc.tax\/wp-content\/uploads\/2024\/12\/17.png","width":2240,"height":1260,"caption":"KLUCZOWE ULGI PODATKOWE"},{"@type":"BreadcrumbList","@id":"https:\/\/compacc.tax\/pl\/blog\/kluczowe-ulgi-podatkowe-w-polsce\/#breadcrumb","itemListElement":[{"@type":"ListItem","position":1,"name":"Strona g\u0142\u00f3wna","item":"https:\/\/compacc.tax\/pl\/"},{"@type":"ListItem","position":2,"name":"POZNAJ TERAZ\u00a09 KLUCZOWYCH ULG PODATKOWYCH!"}]},{"@type":"WebSite","@id":"https:\/\/compacc.tax\/pl\/#website","url":"https:\/\/compacc.tax\/pl\/","name":"CompAcc: Complete Accountant","description":"","publisher":{"@id":"https:\/\/compacc.tax\/pl\/#organization"},"potentialAction":[{"@type":"SearchAction","target":{"@type":"EntryPoint","urlTemplate":"https:\/\/compacc.tax\/pl\/?s={search_term_string}"},"query-input":{"@type":"PropertyValueSpecification","valueRequired":true,"valueName":"search_term_string"}}],"inLanguage":"pl-PL"},{"@type":"Organization","@id":"https:\/\/compacc.tax\/pl\/#organization","name":"Compacc Tax","url":"https:\/\/compacc.tax\/pl\/","logo":{"@type":"ImageObject","inLanguage":"pl-PL","@id":"https:\/\/compacc.tax\/pl\/#\/schema\/logo\/image\/","url":"https:\/\/compacc.tax\/wp-content\/uploads\/2023\/12\/compacc-logo.svg","contentUrl":"https:\/\/compacc.tax\/wp-content\/uploads\/2023\/12\/compacc-logo.svg","width":141,"height":37,"caption":"Compacc Tax"},"image":{"@id":"https:\/\/compacc.tax\/pl\/#\/schema\/logo\/image\/"}},{"@type":"Person","@id":"https:\/\/compacc.tax\/pl\/#\/schema\/person\/26111696fced602b9032ff4eb4e9c0b2","name":"Rafal Szpin","description":"Founder and CEO","sameAs":["https:\/\/www.linkedin.com\/in\/rafal-szpin\/"]}]}},"_links":{"self":[{"href":"https:\/\/compacc.tax\/pl\/wp-json\/wp\/v2\/posts\/1027","targetHints":{"allow":["GET"]}}],"collection":[{"href":"https:\/\/compacc.tax\/pl\/wp-json\/wp\/v2\/posts"}],"about":[{"href":"https:\/\/compacc.tax\/pl\/wp-json\/wp\/v2\/types\/post"}],"author":[{"embeddable":true,"href":"https:\/\/compacc.tax\/pl\/wp-json\/wp\/v2\/users\/3"}],"replies":[{"embeddable":true,"href":"https:\/\/compacc.tax\/pl\/wp-json\/wp\/v2\/comments?post=1027"}],"version-history":[{"count":15,"href":"https:\/\/compacc.tax\/pl\/wp-json\/wp\/v2\/posts\/1027\/revisions"}],"predecessor-version":[{"id":1452,"href":"https:\/\/compacc.tax\/pl\/wp-json\/wp\/v2\/posts\/1027\/revisions\/1452"}],"wp:featuredmedia":[{"embeddable":true,"href":"https:\/\/compacc.tax\/pl\/wp-json\/wp\/v2\/media\/1029"}],"wp:attachment":[{"href":"https:\/\/compacc.tax\/pl\/wp-json\/wp\/v2\/media?parent=1027"}],"wp:term":[{"taxonomy":"category","embeddable":true,"href":"https:\/\/compacc.tax\/pl\/wp-json\/wp\/v2\/categories?post=1027"},{"taxonomy":"post_tag","embeddable":true,"href":"https:\/\/compacc.tax\/pl\/wp-json\/wp\/v2\/tags?post=1027"}],"curies":[{"name":"wp","href":"https:\/\/api.w.org\/{rel}","templated":true}]}}